{"id":4588,"date":"2016-05-20T21:09:38","date_gmt":"2016-05-21T00:09:38","guid":{"rendered":"https:\/\/eldiariodesanpedro.com.ar\/sitio\/?p=4588"},"modified":"2026-01-24T00:35:58","modified_gmt":"2026-01-24T03:35:58","slug":"morro-iglesias-a-hungria","status":"publish","type":"post","link":"https:\/\/eldiariodesanpedro.com.ar\/sitio\/morro-iglesias-a-hungria\/","title":{"rendered":"\u00bfMorro Iglesias a Hungr\u00eda?"},"content":{"rendered":"<p><!-- VideographyWP Plugin Message: Automatic video embedding prevented by plugin options. --><br \/>\nLos amantes del automovilismo se sorprender\u00e1n con la noticia: el sampedrino, figura del TCP Mouras, puede emigrar al exterior. Si bien su cabeza est\u00e1 actualmente en seguir creciendo en una categor\u00eda muy pareja, con solo 18 a\u00f1os y luego de ser figura en los zonales, crece d\u00eda a d\u00eda.<br \/>\nEn los \u00faltimos d\u00edas y a trav\u00e9s de un contacto v\u00eda red social, le lleg\u00f3 un ofrecimiento de viajar al exterior a una prueba. Nos pusimos en di\u00e1logo con el piloto, quien nos confirm\u00f3 la noticia: \u201cHace unos d\u00edas me puse en contacto con la due\u00f1a de una escuder\u00eda en Budapest, Hungr\u00eda (Seat Le\u00f3n Eurocup). La posibilidad existe, ser\u00edan treinta pilotos de todo el mundo a una prueba donde solo ocho quedar\u00edan. El pa\u00eds es Hungr\u00eda y los autos Honda Seat. La misma es en febrero de 2017, en ese pa\u00eds, y me estar\u00edan confirmando en no m\u00e1s de 20 d\u00edas, ya que hay que preparase en varios aspectos. Todav\u00eda no ca\u00ed, estamos con la familia ansiosos esperando el desenlace final, aunque mi cabeza est\u00e1 puesta en la carrera de Concepci\u00f3n del Uruguay, donde felizmente tengo confirmado la presentaci\u00f3n ya que pudimos cerrar con dos sponsors importantes. Los ocho elegidos en Hungr\u00eda podr\u00edan llegar a tener un contrato de cinco a\u00f1os\u201d.<br \/>\nCabe recordar que Fernando \u201cMorro\u201d Iglesias en el TC Pista Mouras viene de lograr su mejor resultado en la categor\u00eda con el noveno lugar y lucha por sumar buenos puntos que lo acerquen a su posible clasificaci\u00f3n para la Copa Coronaci\u00f3n 2016.<\/p>\n","protected":false},"excerpt":{"rendered":"<p>Los amantes del automovilismo se sorprender\u00e1n con la noticia: el sampedrino, figura del TCP Mouras, puede emigrar al exterior. Si bien su cabeza est\u00e1 actualmente en seguir creciendo en una categor\u00eda muy pareja, con solo 18 a\u00f1os y luego de ser figura en los zonales, crece d\u00eda a d\u00eda. En los \u00faltimos d\u00edas y a [&hellip;]<\/p>\n","protected":false},"author":4,"featured_media":4589,"comment_status":"open","ping_status":"closed","sticky":false,"template":"","format":"standard","meta":{"om_disable_all_campaigns":false,"_jetpack_memberships_contains_paid_content":false,"footnotes":""},"categories":[5],"tags":[],"class_list":["post-4588","post","type-post","status-publish","format-standard","has-post-thumbnail","hentry","category-deportes"],"aioseo_notices":[],"gutentor_comment":0,"jetpack_featured_media_url":"https:\/\/eldiariodesanpedro.com.ar\/sitio\/wp-content\/uploads\/2016\/05\/FOTO-2-21-05-16.jpg","jetpack_shortlink":"https:\/\/wp.me\/p6RhLt-1c0","jetpack_sharing_enabled":true,"_links":{"self":[{"href":"https:\/\/eldiariodesanpedro.com.ar\/sitio\/wp-json\/wp\/v2\/posts\/4588","targetHints":{"allow":["GET"]}}],"collection":[{"href":"https:\/\/eldiariodesanpedro.com.ar\/sitio\/wp-json\/wp\/v2\/posts"}],"about":[{"href":"https:\/\/eldiariodesanpedro.com.ar\/sitio\/wp-json\/wp\/v2\/types\/post"}],"author":[{"embeddable":true,"href":"https:\/\/eldiariodesanpedro.com.ar\/sitio\/wp-json\/wp\/v2\/users\/4"}],"replies":[{"embeddable":true,"href":"https:\/\/eldiariodesanpedro.com.ar\/sitio\/wp-json\/wp\/v2\/comments?post=4588"}],"version-history":[{"count":1,"href":"https:\/\/eldiariodesanpedro.com.ar\/sitio\/wp-json\/wp\/v2\/posts\/4588\/revisions"}],"predecessor-version":[{"id":4590,"href":"https:\/\/eldiariodesanpedro.com.ar\/sitio\/wp-json\/wp\/v2\/posts\/4588\/revisions\/4590"}],"wp:featuredmedia":[{"embeddable":true,"href":"https:\/\/eldiariodesanpedro.com.ar\/sitio\/wp-json\/wp\/v2\/media\/4589"}],"wp:attachment":[{"href":"https:\/\/eldiariodesanpedro.com.ar\/sitio\/wp-json\/wp\/v2\/media?parent=4588"}],"wp:term":[{"taxonomy":"category","embeddable":true,"href":"https:\/\/eldiariodesanpedro.com.ar\/sitio\/wp-json\/wp\/v2\/categories?post=4588"},{"taxonomy":"post_tag","embeddable":true,"href":"https:\/\/eldiariodesanpedro.com.ar\/sitio\/wp-json\/wp\/v2\/tags?post=4588"}],"curies":[{"name":"wp","href":"https:\/\/api.w.org\/{rel}","templated":true}]}}