{"id":45878,"date":"2019-01-12T11:55:29","date_gmt":"2019-01-12T14:55:29","guid":{"rendered":"https:\/\/eldiariodesanpedro.com.ar\/sitio\/?p=45878"},"modified":"2019-01-12T11:56:39","modified_gmt":"2019-01-12T14:56:39","slug":"dos-aprehendidos-con-21-gr-de-marihuana","status":"publish","type":"post","link":"https:\/\/eldiariodesanpedro.com.ar\/sitio\/dos-aprehendidos-con-21-gr-de-marihuana\/","title":{"rendered":"Dos aprehendidos con 21 gr de marihuana"},"content":{"rendered":"<!-- VideographyWP Plugin Message: Automatic video embedding prevented by plugin options. -->\n\n<p>Este viernes por la tarde, personal policial mientras hacia su recorrido habitual por la zona de Villa Jard\u00edn sorprenden a dos sujetos que circulaban en una motocicleta  con marihuana en su poder.<\/p>\n\n\n\n<p>Los j\u00f3venes de 25 y 26 a\u00f1os de edad llevaban mas de 20 gramos de marihuana fragmentada en bagullos.<\/p>\n\n\n\n<p>Permanecen alojados en la comisaria a cargo de la fiscalia en turno.<\/p>\n\n\n\n<ul class=\"wp-block-gallery columns-2 is-cropped wp-block-gallery-1 is-layout-flex wp-block-gallery-is-layout-flex\"><li class=\"blocks-gallery-item\"><figure><img decoding=\"async\" width=\"1024\" height=\"847\" data-attachment-id=\"45870\" data-permalink=\"https:\/\/eldiariodesanpedro.com.ar\/sitio\/corria-con-mercaderia-que-habia-robado-y-lo-aprehendieron\/whatsapp-image-2019-01-12-at-11-36-52\/\" data-orig-file=\"https:\/\/eldiariodesanpedro.com.ar\/sitio\/wp-content\/uploads\/2019\/01\/WhatsApp-Image-2019-01-12-at-11.36.52.jpeg\" data-orig-size=\"1280,1059\" data-comments-opened=\"1\" data-image-meta=\"{&quot;aperture&quot;:&quot;0&quot;,&quot;credit&quot;:&quot;&quot;,&quot;camera&quot;:&quot;&quot;,&quot;caption&quot;:&quot;&quot;,&quot;created_timestamp&quot;:&quot;0&quot;,&quot;copyright&quot;:&quot;&quot;,&quot;focal_length&quot;:&quot;0&quot;,&quot;iso&quot;:&quot;0&quot;,&quot;shutter_speed&quot;:&quot;0&quot;,&quot;title&quot;:&quot;&quot;,&quot;orientation&quot;:&quot;0&quot;}\" data-image-title=\"WhatsApp Image 2019-01-12 at 11.36.52\" data-image-description=\"\" data-image-caption=\"\" data-large-file=\"https:\/\/eldiariodesanpedro.com.ar\/sitio\/wp-content\/uploads\/2019\/01\/WhatsApp-Image-2019-01-12-at-11.36.52-1024x847.jpeg\" data-src=\"https:\/\/eldiariodesanpedro.com.ar\/sitio\/wp-content\/uploads\/2019\/01\/WhatsApp-Image-2019-01-12-at-11.36.52-1024x847.jpeg\" alt=\"\" data-id=\"45870\" data-link=\"https:\/\/eldiariodesanpedro.com.ar\/sitio\/corria-con-mercaderia-que-habia-robado-y-lo-aprehendieron\/whatsapp-image-2019-01-12-at-11-36-52\/\" class=\"wp-image-45870 lazyload\" data-srcset=\"https:\/\/eldiariodesanpedro.com.ar\/sitio\/wp-content\/uploads\/2019\/01\/WhatsApp-Image-2019-01-12-at-11.36.52-1024x847.jpeg 1024w, https:\/\/eldiariodesanpedro.com.ar\/sitio\/wp-content\/uploads\/2019\/01\/WhatsApp-Image-2019-01-12-at-11.36.52-300x248.jpeg 300w, https:\/\/eldiariodesanpedro.com.ar\/sitio\/wp-content\/uploads\/2019\/01\/WhatsApp-Image-2019-01-12-at-11.36.52-768x635.jpeg 768w, https:\/\/eldiariodesanpedro.com.ar\/sitio\/wp-content\/uploads\/2019\/01\/WhatsApp-Image-2019-01-12-at-11.36.52.jpeg 1280w\" data-sizes=\"(max-width: 1024px) 100vw, 1024px\" src=\"data:image\/svg+xml;base64,PHN2ZyB3aWR0aD0iMSIgaGVpZ2h0PSIxIiB4bWxucz0iaHR0cDovL3d3dy53My5vcmcvMjAwMC9zdmciPjwvc3ZnPg==\" style=\"--smush-placeholder-width: 1024px; --smush-placeholder-aspect-ratio: 1024\/847;\" \/><\/figure><\/li><li class=\"blocks-gallery-item\"><figure><img decoding=\"async\" width=\"768\" height=\"1024\" data-attachment-id=\"45869\" data-permalink=\"https:\/\/eldiariodesanpedro.com.ar\/sitio\/corria-con-mercaderia-que-habia-robado-y-lo-aprehendieron\/whatsapp-image-2019-01-12-at-11-36-51\/\" data-orig-file=\"https:\/\/eldiariodesanpedro.com.ar\/sitio\/wp-content\/uploads\/2019\/01\/WhatsApp-Image-2019-01-12-at-11.36.51.jpeg\" data-orig-size=\"960,1280\" data-comments-opened=\"1\" data-image-meta=\"{&quot;aperture&quot;:&quot;0&quot;,&quot;credit&quot;:&quot;&quot;,&quot;camera&quot;:&quot;&quot;,&quot;caption&quot;:&quot;&quot;,&quot;created_timestamp&quot;:&quot;0&quot;,&quot;copyright&quot;:&quot;&quot;,&quot;focal_length&quot;:&quot;0&quot;,&quot;iso&quot;:&quot;0&quot;,&quot;shutter_speed&quot;:&quot;0&quot;,&quot;title&quot;:&quot;&quot;,&quot;orientation&quot;:&quot;0&quot;}\" data-image-title=\"WhatsApp Image 2019-01-12 at 11.36.51\" data-image-description=\"\" data-image-caption=\"\" data-large-file=\"https:\/\/eldiariodesanpedro.com.ar\/sitio\/wp-content\/uploads\/2019\/01\/WhatsApp-Image-2019-01-12-at-11.36.51-768x1024.jpeg\" data-src=\"https:\/\/eldiariodesanpedro.com.ar\/sitio\/wp-content\/uploads\/2019\/01\/WhatsApp-Image-2019-01-12-at-11.36.51-768x1024.jpeg\" alt=\"\" data-id=\"45869\" data-link=\"https:\/\/eldiariodesanpedro.com.ar\/sitio\/corria-con-mercaderia-que-habia-robado-y-lo-aprehendieron\/whatsapp-image-2019-01-12-at-11-36-51\/\" class=\"wp-image-45869 lazyload\" data-srcset=\"https:\/\/eldiariodesanpedro.com.ar\/sitio\/wp-content\/uploads\/2019\/01\/WhatsApp-Image-2019-01-12-at-11.36.51-768x1024.jpeg 768w, https:\/\/eldiariodesanpedro.com.ar\/sitio\/wp-content\/uploads\/2019\/01\/WhatsApp-Image-2019-01-12-at-11.36.51-225x300.jpeg 225w, https:\/\/eldiariodesanpedro.com.ar\/sitio\/wp-content\/uploads\/2019\/01\/WhatsApp-Image-2019-01-12-at-11.36.51.jpeg 960w\" data-sizes=\"(max-width: 768px) 100vw, 768px\" src=\"data:image\/svg+xml;base64,PHN2ZyB3aWR0aD0iMSIgaGVpZ2h0PSIxIiB4bWxucz0iaHR0cDovL3d3dy53My5vcmcvMjAwMC9zdmciPjwvc3ZnPg==\" style=\"--smush-placeholder-width: 768px; --smush-placeholder-aspect-ratio: 768\/1024;\" \/><\/figure><\/li><\/ul>\n\n\n\n<p><\/p>\n\n\n\n<p><br><\/p>\n","protected":false},"excerpt":{"rendered":"<p>Este viernes por la tarde, personal policial mientras hacia su recorrido habitual por la zona de Villa Jard\u00edn sorprenden a dos sujetos que circulaban en una motocicleta con marihuana en su poder. Los j\u00f3venes de 25 y 26 a\u00f1os de edad llevaban mas de 20 gramos de marihuana fragmentada en bagullos. Permanecen alojados en la [&hellip;]<\/p>\n","protected":false},"author":4,"featured_media":45870,"comment_status":"open","ping_status":"closed","sticky":false,"template":"","format":"standard","meta":{"om_disable_all_campaigns":false,"_jetpack_memberships_contains_paid_content":false,"footnotes":""},"categories":[2,103],"tags":[],"class_list":["post-45878","post","type-post","status-publish","format-standard","has-post-thumbnail","hentry","category-locales","category-policiales-locales"],"aioseo_notices":[],"gutentor_comment":0,"jetpack_featured_media_url":"https:\/\/eldiariodesanpedro.com.ar\/sitio\/wp-content\/uploads\/2019\/01\/WhatsApp-Image-2019-01-12-at-11.36.52.jpeg","jetpack_shortlink":"https:\/\/wp.me\/p6RhLt-bVY","jetpack_sharing_enabled":true,"_links":{"self":[{"href":"https:\/\/eldiariodesanpedro.com.ar\/sitio\/wp-json\/wp\/v2\/posts\/45878","targetHints":{"allow":["GET"]}}],"collection":[{"href":"https:\/\/eldiariodesanpedro.com.ar\/sitio\/wp-json\/wp\/v2\/posts"}],"about":[{"href":"https:\/\/eldiariodesanpedro.com.ar\/sitio\/wp-json\/wp\/v2\/types\/post"}],"author":[{"embeddable":true,"href":"https:\/\/eldiariodesanpedro.com.ar\/sitio\/wp-json\/wp\/v2\/users\/4"}],"replies":[{"embeddable":true,"href":"https:\/\/eldiariodesanpedro.com.ar\/sitio\/wp-json\/wp\/v2\/comments?post=45878"}],"version-history":[{"count":2,"href":"https:\/\/eldiariodesanpedro.com.ar\/sitio\/wp-json\/wp\/v2\/posts\/45878\/revisions"}],"predecessor-version":[{"id":45880,"href":"https:\/\/eldiariodesanpedro.com.ar\/sitio\/wp-json\/wp\/v2\/posts\/45878\/revisions\/45880"}],"wp:featuredmedia":[{"embeddable":true,"href":"https:\/\/eldiariodesanpedro.com.ar\/sitio\/wp-json\/wp\/v2\/media\/45870"}],"wp:attachment":[{"href":"https:\/\/eldiariodesanpedro.com.ar\/sitio\/wp-json\/wp\/v2\/media?parent=45878"}],"wp:term":[{"taxonomy":"category","embeddable":true,"href":"https:\/\/eldiariodesanpedro.com.ar\/sitio\/wp-json\/wp\/v2\/categories?post=45878"},{"taxonomy":"post_tag","embeddable":true,"href":"https:\/\/eldiariodesanpedro.com.ar\/sitio\/wp-json\/wp\/v2\/tags?post=45878"}],"curies":[{"name":"wp","href":"https:\/\/api.w.org\/{rel}","templated":true}]}}