{"id":45875,"date":"2019-01-12T11:50:07","date_gmt":"2019-01-12T14:50:07","guid":{"rendered":"https:\/\/eldiariodesanpedro.com.ar\/sitio\/?p=45875"},"modified":"2019-01-12T11:50:14","modified_gmt":"2019-01-12T14:50:14","slug":"tras-conflicto-familiar-se-secuestro-arma-blanca-y-marihuana","status":"publish","type":"post","link":"https:\/\/eldiariodesanpedro.com.ar\/sitio\/tras-conflicto-familiar-se-secuestro-arma-blanca-y-marihuana\/","title":{"rendered":"Tras conflicto familiar se secuestro arma blanca y marihuana"},"content":{"rendered":"<!-- VideographyWP Plugin Message: Automatic video embedding prevented by plugin options. -->\n\n<p>Este viernes por la tarde se realizo una diligencia de allanamiento en una vivienda ubicada en calle Cabrera que hab\u00eda sido denunciada por conflictos d\u00edas atr\u00e1s.<\/p>\n\n\n\n<p>Como resultado, el gabinete crominol\u00f3gico de la comisaria procedi\u00f3 al secuestro de un arma blanca y dos plantas de marihuana.<\/p>\n\n\n\n<p> Se imputo de los hechos al morador de 18 a\u00f1os ,y quedo a disposici\u00f3n de la fiscal\u00eda en turno de San Pedro .<\/p>\n\n\n\n<p><\/p>\n\n\n\n<p><br><\/p>\n","protected":false},"excerpt":{"rendered":"<p>Este viernes por la tarde se realizo una diligencia de allanamiento en una vivienda ubicada en calle Cabrera que hab\u00eda sido denunciada por conflictos d\u00edas atr\u00e1s. Como resultado, el gabinete crominol\u00f3gico de la comisaria procedi\u00f3 al secuestro de un arma blanca y dos plantas de marihuana. Se imputo de los hechos al morador de 18 [&hellip;]<\/p>\n","protected":false},"author":4,"featured_media":45871,"comment_status":"open","ping_status":"closed","sticky":false,"template":"","format":"standard","meta":{"om_disable_all_campaigns":false,"_jetpack_memberships_contains_paid_content":false,"footnotes":""},"categories":[2,103],"tags":[],"class_list":["post-45875","post","type-post","status-publish","format-standard","has-post-thumbnail","hentry","category-locales","category-policiales-locales"],"aioseo_notices":[],"gutentor_comment":0,"jetpack_featured_media_url":"https:\/\/eldiariodesanpedro.com.ar\/sitio\/wp-content\/uploads\/2019\/01\/WhatsApp-Image-2019-01-12-at-11.38.23.jpeg","jetpack_shortlink":"https:\/\/wp.me\/p6RhLt-bVV","jetpack_sharing_enabled":true,"_links":{"self":[{"href":"https:\/\/eldiariodesanpedro.com.ar\/sitio\/wp-json\/wp\/v2\/posts\/45875","targetHints":{"allow":["GET"]}}],"collection":[{"href":"https:\/\/eldiariodesanpedro.com.ar\/sitio\/wp-json\/wp\/v2\/posts"}],"about":[{"href":"https:\/\/eldiariodesanpedro.com.ar\/sitio\/wp-json\/wp\/v2\/types\/post"}],"author":[{"embeddable":true,"href":"https:\/\/eldiariodesanpedro.com.ar\/sitio\/wp-json\/wp\/v2\/users\/4"}],"replies":[{"embeddable":true,"href":"https:\/\/eldiariodesanpedro.com.ar\/sitio\/wp-json\/wp\/v2\/comments?post=45875"}],"version-history":[{"count":1,"href":"https:\/\/eldiariodesanpedro.com.ar\/sitio\/wp-json\/wp\/v2\/posts\/45875\/revisions"}],"predecessor-version":[{"id":45876,"href":"https:\/\/eldiariodesanpedro.com.ar\/sitio\/wp-json\/wp\/v2\/posts\/45875\/revisions\/45876"}],"wp:featuredmedia":[{"embeddable":true,"href":"https:\/\/eldiariodesanpedro.com.ar\/sitio\/wp-json\/wp\/v2\/media\/45871"}],"wp:attachment":[{"href":"https:\/\/eldiariodesanpedro.com.ar\/sitio\/wp-json\/wp\/v2\/media?parent=45875"}],"wp:term":[{"taxonomy":"category","embeddable":true,"href":"https:\/\/eldiariodesanpedro.com.ar\/sitio\/wp-json\/wp\/v2\/categories?post=45875"},{"taxonomy":"post_tag","embeddable":true,"href":"https:\/\/eldiariodesanpedro.com.ar\/sitio\/wp-json\/wp\/v2\/tags?post=45875"}],"curies":[{"name":"wp","href":"https:\/\/api.w.org\/{rel}","templated":true}]}}