{"id":45860,"date":"2019-01-12T11:28:58","date_gmt":"2019-01-12T14:28:58","guid":{"rendered":"https:\/\/eldiariodesanpedro.com.ar\/sitio\/?p=45860"},"modified":"2019-01-12T11:33:16","modified_gmt":"2019-01-12T14:33:16","slug":"baradero-un-tren-embistio-un-auto-que-transportaba-droga-hay-una-persona-fallecida","status":"publish","type":"post","link":"https:\/\/eldiariodesanpedro.com.ar\/sitio\/baradero-un-tren-embistio-un-auto-que-transportaba-droga-hay-una-persona-fallecida\/","title":{"rendered":"BARADERO: Un tren embisti\u00f3 un auto que transportaba droga. Hay una persona fallecida"},"content":{"rendered":"<!-- VideographyWP Plugin Message: Automatic video embedding prevented by plugin options. -->\n\n<h5 class=\"wp-block-heading\" id=\"js_dn\">Sucedi\u00f3 a la medianoche de este viernes. El accidente fatal en las v\u00edas del tren dejo un muerto y el hallazgo de 95 kg de marihuana.<\/h5>\n\n\n\n<p>\u00a0La formaci\u00f3n de trenes argentinos que transportaba pasajeros colision\u00f3 con un automovil Volkswagen Gol color bordo, en el paso a nivel de Obligado y Rosell de la ciudad vecina de Baradero.<\/p>\n\n\n\n<p>La polic\u00eda estima que el rodado que ingresaba a la ciudad, en el momento que cruzaba las v\u00edas, es impactado por la formaci\u00f3n.<\/p>\n\n\n\n<p>Tras el choque, quedaron desestimados varios \u00abladrillos\u00bb, donde luego se pudo saber que eran envoltorios de marihuana. Habia casi 100 kg en dos cajas. El autom\u00f3vil era quien llevaba la mercanc\u00eda.<\/p>\n\n\n\n<p>Ademas se secuestro dinero en efectivo,  cercano a los $10,000<\/p>\n\n\n\n<p>Como consecuencia un sujeto de 37 a\u00f1os perdi\u00f3 la vida, mientras que el otro ocupante fue trasladado al Hospital con una herida grave en la pierna. quien permanece internado all\u00ed con custodia policial.<\/p>\n\n\n\n<p>Fuente: Tu Radio Baradero<\/p>\n\n\n\n<ul class=\"wp-block-gallery columns-2 is-cropped wp-block-gallery-1 is-layout-flex wp-block-gallery-is-layout-flex\"><li class=\"blocks-gallery-item\"><figure><img decoding=\"async\" width=\"768\" height=\"1024\" data-attachment-id=\"45863\" data-permalink=\"https:\/\/eldiariodesanpedro.com.ar\/sitio\/baradero-un-tren-embistio-un-auto-que-transportaba-droga-hay-una-persona-fallecida\/4d2eee2d-18b5-480a-bb80-933f8e139a64\/\" data-orig-file=\"https:\/\/eldiariodesanpedro.com.ar\/sitio\/wp-content\/uploads\/2019\/01\/4d2eee2d-18b5-480a-bb80-933f8e139a64.jpg\" data-orig-size=\"768,1024\" data-comments-opened=\"1\" data-image-meta=\"{&quot;aperture&quot;:&quot;0&quot;,&quot;credit&quot;:&quot;&quot;,&quot;camera&quot;:&quot;&quot;,&quot;caption&quot;:&quot;&quot;,&quot;created_timestamp&quot;:&quot;0&quot;,&quot;copyright&quot;:&quot;&quot;,&quot;focal_length&quot;:&quot;0&quot;,&quot;iso&quot;:&quot;0&quot;,&quot;shutter_speed&quot;:&quot;0&quot;,&quot;title&quot;:&quot;&quot;,&quot;orientation&quot;:&quot;0&quot;}\" data-image-title=\"4d2eee2d-18b5-480a-bb80-933f8e139a64\" data-image-description=\"\" data-image-caption=\"\" data-large-file=\"https:\/\/eldiariodesanpedro.com.ar\/sitio\/wp-content\/uploads\/2019\/01\/4d2eee2d-18b5-480a-bb80-933f8e139a64-768x1024.jpg\" data-src=\"https:\/\/eldiariodesanpedro.com.ar\/sitio\/wp-content\/uploads\/2019\/01\/4d2eee2d-18b5-480a-bb80-933f8e139a64-768x1024.jpg\" alt=\"\" data-id=\"45863\" data-link=\"https:\/\/eldiariodesanpedro.com.ar\/sitio\/baradero-un-tren-embistio-un-auto-que-transportaba-droga-hay-una-persona-fallecida\/4d2eee2d-18b5-480a-bb80-933f8e139a64\/\" class=\"wp-image-45863 lazyload\" data-srcset=\"https:\/\/eldiariodesanpedro.com.ar\/sitio\/wp-content\/uploads\/2019\/01\/4d2eee2d-18b5-480a-bb80-933f8e139a64.jpg 768w, https:\/\/eldiariodesanpedro.com.ar\/sitio\/wp-content\/uploads\/2019\/01\/4d2eee2d-18b5-480a-bb80-933f8e139a64-225x300.jpg 225w\" data-sizes=\"(max-width: 768px) 100vw, 768px\" src=\"data:image\/svg+xml;base64,PHN2ZyB3aWR0aD0iMSIgaGVpZ2h0PSIxIiB4bWxucz0iaHR0cDovL3d3dy53My5vcmcvMjAwMC9zdmciPjwvc3ZnPg==\" style=\"--smush-placeholder-width: 768px; --smush-placeholder-aspect-ratio: 768\/1024;\" \/><\/figure><\/li><li class=\"blocks-gallery-item\"><figure><img decoding=\"async\" width=\"480\" height=\"360\" data-attachment-id=\"45861\" data-permalink=\"https:\/\/eldiariodesanpedro.com.ar\/sitio\/baradero-un-tren-embistio-un-auto-que-transportaba-droga-hay-una-persona-fallecida\/whatsapp-image-2019-01-12-at-11-11-10\/\" data-orig-file=\"https:\/\/eldiariodesanpedro.com.ar\/sitio\/wp-content\/uploads\/2019\/01\/WhatsApp-Image-2019-01-12-at-11.11.10.jpeg\" data-orig-size=\"480,360\" data-comments-opened=\"1\" data-image-meta=\"{&quot;aperture&quot;:&quot;0&quot;,&quot;credit&quot;:&quot;&quot;,&quot;camera&quot;:&quot;&quot;,&quot;caption&quot;:&quot;&quot;,&quot;created_timestamp&quot;:&quot;0&quot;,&quot;copyright&quot;:&quot;&quot;,&quot;focal_length&quot;:&quot;0&quot;,&quot;iso&quot;:&quot;0&quot;,&quot;shutter_speed&quot;:&quot;0&quot;,&quot;title&quot;:&quot;&quot;,&quot;orientation&quot;:&quot;0&quot;}\" data-image-title=\"WhatsApp Image 2019-01-12 at 11.11.10\" data-image-description=\"\" data-image-caption=\"\" data-large-file=\"https:\/\/eldiariodesanpedro.com.ar\/sitio\/wp-content\/uploads\/2019\/01\/WhatsApp-Image-2019-01-12-at-11.11.10.jpeg\" data-src=\"https:\/\/eldiariodesanpedro.com.ar\/sitio\/wp-content\/uploads\/2019\/01\/WhatsApp-Image-2019-01-12-at-11.11.10.jpeg\" alt=\"\" data-id=\"45861\" data-link=\"https:\/\/eldiariodesanpedro.com.ar\/sitio\/baradero-un-tren-embistio-un-auto-que-transportaba-droga-hay-una-persona-fallecida\/whatsapp-image-2019-01-12-at-11-11-10\/\" class=\"wp-image-45861 lazyload\" data-srcset=\"https:\/\/eldiariodesanpedro.com.ar\/sitio\/wp-content\/uploads\/2019\/01\/WhatsApp-Image-2019-01-12-at-11.11.10.jpeg 480w, https:\/\/eldiariodesanpedro.com.ar\/sitio\/wp-content\/uploads\/2019\/01\/WhatsApp-Image-2019-01-12-at-11.11.10-300x225.jpeg 300w\" data-sizes=\"(max-width: 480px) 100vw, 480px\" src=\"data:image\/svg+xml;base64,PHN2ZyB3aWR0aD0iMSIgaGVpZ2h0PSIxIiB4bWxucz0iaHR0cDovL3d3dy53My5vcmcvMjAwMC9zdmciPjwvc3ZnPg==\" style=\"--smush-placeholder-width: 480px; --smush-placeholder-aspect-ratio: 480\/360;\" \/><\/figure><\/li><\/ul>\n\n\n\n<p><\/p>\n\n\n\n<p><\/p>\n","protected":false},"excerpt":{"rendered":"<p>Sucedi\u00f3 a la medianoche de este viernes. El accidente fatal en las v\u00edas del tren dejo un muerto y el hallazgo de 95 kg de marihuana. \u00a0La formaci\u00f3n de trenes argentinos que transportaba pasajeros colision\u00f3 con un automovil Volkswagen Gol color bordo, en el paso a nivel de Obligado y Rosell de la ciudad vecina [&hellip;]<\/p>\n","protected":false},"author":4,"featured_media":45861,"comment_status":"open","ping_status":"closed","sticky":false,"template":"","format":"standard","meta":{"om_disable_all_campaigns":false,"_jetpack_memberships_contains_paid_content":false,"footnotes":""},"categories":[621],"tags":[],"class_list":["post-45860","post","type-post","status-publish","format-standard","has-post-thumbnail","hentry","category-regionales"],"aioseo_notices":[],"gutentor_comment":0,"jetpack_featured_media_url":"https:\/\/eldiariodesanpedro.com.ar\/sitio\/wp-content\/uploads\/2019\/01\/WhatsApp-Image-2019-01-12-at-11.11.10.jpeg","jetpack_shortlink":"https:\/\/wp.me\/p6RhLt-bVG","jetpack_sharing_enabled":true,"_links":{"self":[{"href":"https:\/\/eldiariodesanpedro.com.ar\/sitio\/wp-json\/wp\/v2\/posts\/45860","targetHints":{"allow":["GET"]}}],"collection":[{"href":"https:\/\/eldiariodesanpedro.com.ar\/sitio\/wp-json\/wp\/v2\/posts"}],"about":[{"href":"https:\/\/eldiariodesanpedro.com.ar\/sitio\/wp-json\/wp\/v2\/types\/post"}],"author":[{"embeddable":true,"href":"https:\/\/eldiariodesanpedro.com.ar\/sitio\/wp-json\/wp\/v2\/users\/4"}],"replies":[{"embeddable":true,"href":"https:\/\/eldiariodesanpedro.com.ar\/sitio\/wp-json\/wp\/v2\/comments?post=45860"}],"version-history":[{"count":2,"href":"https:\/\/eldiariodesanpedro.com.ar\/sitio\/wp-json\/wp\/v2\/posts\/45860\/revisions"}],"predecessor-version":[{"id":45865,"href":"https:\/\/eldiariodesanpedro.com.ar\/sitio\/wp-json\/wp\/v2\/posts\/45860\/revisions\/45865"}],"wp:featuredmedia":[{"embeddable":true,"href":"https:\/\/eldiariodesanpedro.com.ar\/sitio\/wp-json\/wp\/v2\/media\/45861"}],"wp:attachment":[{"href":"https:\/\/eldiariodesanpedro.com.ar\/sitio\/wp-json\/wp\/v2\/media?parent=45860"}],"wp:term":[{"taxonomy":"category","embeddable":true,"href":"https:\/\/eldiariodesanpedro.com.ar\/sitio\/wp-json\/wp\/v2\/categories?post=45860"},{"taxonomy":"post_tag","embeddable":true,"href":"https:\/\/eldiariodesanpedro.com.ar\/sitio\/wp-json\/wp\/v2\/tags?post=45860"}],"curies":[{"name":"wp","href":"https:\/\/api.w.org\/{rel}","templated":true}]}}