{"id":45856,"date":"2019-01-12T11:04:48","date_gmt":"2019-01-12T14:04:48","guid":{"rendered":"https:\/\/eldiariodesanpedro.com.ar\/sitio\/?p=45856"},"modified":"2019-01-12T11:05:01","modified_gmt":"2019-01-12T14:05:01","slug":"arrecifes-arranca-el-bicitour","status":"publish","type":"post","link":"https:\/\/eldiariodesanpedro.com.ar\/sitio\/arrecifes-arranca-el-bicitour\/","title":{"rendered":"ARRECIFES: Arranca el Bicitour"},"content":{"rendered":"<!-- VideographyWP Plugin Message: Automatic video embedding prevented by plugin options. -->\n\n<p>Este s\u00e1bado 12 se pone en marcha la nueva propuesta tur\u00edstica, recreativa y ecol\u00f3gica para compartir en familia: el Bicitour, paseos gratuitos en bicicleta por la ciudad.<\/p>\n\n\n\n<p>El Municipio adquiri\u00f3 20 bicicletas para quienes las quieran utilizar en forma gratuita, realizando paseos de una hora recorriendo la zona ribere\u00f1a y c\u00e9ntrica, experiencia que podr\u00e1 disfrutar el grupo familiar al tratarse de rodados 26 para los m\u00e1s grandes y 24 para los m\u00e1s chicos.<\/p>\n\n\n\n<p>El punto de partida, lugar en el que se encontrar\u00e1n las bicicletas, ser\u00e1 la calle central de la rotonda del Balneario Municipal y los paseos se podr\u00e1n hacer los siete d\u00edas de la semana de 16:00 a 21:00.<\/p>\n\n\n\n<p>El \u00fanico requisito es presentarse con DNI o licencia de conducir. Los menores de 12 a\u00f1os s\u00f3lo podr\u00e1n realizar el recorrido acompa\u00f1ados por adultos.<\/p>\n","protected":false},"excerpt":{"rendered":"<p>Este s\u00e1bado 12 se pone en marcha la nueva propuesta tur\u00edstica, recreativa y ecol\u00f3gica para compartir en familia: el Bicitour, paseos gratuitos en bicicleta por la ciudad. El Municipio adquiri\u00f3 20 bicicletas para quienes las quieran utilizar en forma gratuita, realizando paseos de una hora recorriendo la zona ribere\u00f1a y c\u00e9ntrica, experiencia que podr\u00e1 disfrutar [&hellip;]<\/p>\n","protected":false},"author":4,"featured_media":45857,"comment_status":"open","ping_status":"closed","sticky":false,"template":"","format":"standard","meta":{"om_disable_all_campaigns":false,"_jetpack_memberships_contains_paid_content":false,"footnotes":""},"categories":[621],"tags":[],"class_list":["post-45856","post","type-post","status-publish","format-standard","has-post-thumbnail","hentry","category-regionales"],"aioseo_notices":[],"gutentor_comment":0,"jetpack_featured_media_url":"https:\/\/eldiariodesanpedro.com.ar\/sitio\/wp-content\/uploads\/2019\/01\/Bicicletas-municipalidad-1.jpg","jetpack_shortlink":"https:\/\/wp.me\/p6RhLt-bVC","jetpack_sharing_enabled":true,"_links":{"self":[{"href":"https:\/\/eldiariodesanpedro.com.ar\/sitio\/wp-json\/wp\/v2\/posts\/45856","targetHints":{"allow":["GET"]}}],"collection":[{"href":"https:\/\/eldiariodesanpedro.com.ar\/sitio\/wp-json\/wp\/v2\/posts"}],"about":[{"href":"https:\/\/eldiariodesanpedro.com.ar\/sitio\/wp-json\/wp\/v2\/types\/post"}],"author":[{"embeddable":true,"href":"https:\/\/eldiariodesanpedro.com.ar\/sitio\/wp-json\/wp\/v2\/users\/4"}],"replies":[{"embeddable":true,"href":"https:\/\/eldiariodesanpedro.com.ar\/sitio\/wp-json\/wp\/v2\/comments?post=45856"}],"version-history":[{"count":1,"href":"https:\/\/eldiariodesanpedro.com.ar\/sitio\/wp-json\/wp\/v2\/posts\/45856\/revisions"}],"predecessor-version":[{"id":45858,"href":"https:\/\/eldiariodesanpedro.com.ar\/sitio\/wp-json\/wp\/v2\/posts\/45856\/revisions\/45858"}],"wp:featuredmedia":[{"embeddable":true,"href":"https:\/\/eldiariodesanpedro.com.ar\/sitio\/wp-json\/wp\/v2\/media\/45857"}],"wp:attachment":[{"href":"https:\/\/eldiariodesanpedro.com.ar\/sitio\/wp-json\/wp\/v2\/media?parent=45856"}],"wp:term":[{"taxonomy":"category","embeddable":true,"href":"https:\/\/eldiariodesanpedro.com.ar\/sitio\/wp-json\/wp\/v2\/categories?post=45856"},{"taxonomy":"post_tag","embeddable":true,"href":"https:\/\/eldiariodesanpedro.com.ar\/sitio\/wp-json\/wp\/v2\/tags?post=45856"}],"curies":[{"name":"wp","href":"https:\/\/api.w.org\/{rel}","templated":true}]}}