{"id":45853,"date":"2019-01-12T11:00:19","date_gmt":"2019-01-12T14:00:19","guid":{"rendered":"https:\/\/eldiariodesanpedro.com.ar\/sitio\/?p=45853"},"modified":"2019-01-12T11:00:29","modified_gmt":"2019-01-12T14:00:29","slug":"san-nicolas-chocaron-dos-motos-y-murieron-tres-personas","status":"publish","type":"post","link":"https:\/\/eldiariodesanpedro.com.ar\/sitio\/san-nicolas-chocaron-dos-motos-y-murieron-tres-personas\/","title":{"rendered":"SAN NICOLAS: Chocaron dos motos y murieron tres personas"},"content":{"rendered":"<!-- VideographyWP Plugin Message: Automatic video embedding prevented by plugin options. -->\n\n<p>El hecho ocurri\u00f3 alrededor de las 21:00 de este viernes en inmediaciones de calle Carbajo y Av. Illia.<br><br>Dos motos colisionaron y los conductores fallecieron. A bordo de uno de los rodados iba una menor de 2 a\u00f1os que tambi\u00e9n perdi\u00f3 la vida.<br><br>Las v\u00edctimas fueron identificadas como Brian Acosta de 21 a\u00f1os, Valentina Acosta de 2 a\u00f1os que circulaban en una Yamaha Crypton 110cc y Cristian Torrico de 41 a\u00f1os que conduc\u00eda una Honda Strong.<\/p>\n\n\n\n<p>Fuente: El Informante<\/p>\n","protected":false},"excerpt":{"rendered":"<p>El hecho ocurri\u00f3 alrededor de las 21:00 de este viernes en inmediaciones de calle Carbajo y Av. Illia. Dos motos colisionaron y los conductores fallecieron. A bordo de uno de los rodados iba una menor de 2 a\u00f1os que tambi\u00e9n perdi\u00f3 la vida. Las v\u00edctimas fueron identificadas como Brian Acosta de 21 a\u00f1os, Valentina Acosta [&hellip;]<\/p>\n","protected":false},"author":4,"featured_media":45854,"comment_status":"open","ping_status":"closed","sticky":false,"template":"","format":"standard","meta":{"om_disable_all_campaigns":false,"_jetpack_memberships_contains_paid_content":false,"footnotes":""},"categories":[621],"tags":[],"class_list":["post-45853","post","type-post","status-publish","format-standard","has-post-thumbnail","hentry","category-regionales"],"aioseo_notices":[],"gutentor_comment":0,"jetpack_featured_media_url":"https:\/\/eldiariodesanpedro.com.ar\/sitio\/wp-content\/uploads\/2019\/01\/no_ero5izx6fzt1u9pFB_IMG_1547258142218.jpg","jetpack_shortlink":"https:\/\/wp.me\/p6RhLt-bVz","jetpack_sharing_enabled":true,"_links":{"self":[{"href":"https:\/\/eldiariodesanpedro.com.ar\/sitio\/wp-json\/wp\/v2\/posts\/45853","targetHints":{"allow":["GET"]}}],"collection":[{"href":"https:\/\/eldiariodesanpedro.com.ar\/sitio\/wp-json\/wp\/v2\/posts"}],"about":[{"href":"https:\/\/eldiariodesanpedro.com.ar\/sitio\/wp-json\/wp\/v2\/types\/post"}],"author":[{"embeddable":true,"href":"https:\/\/eldiariodesanpedro.com.ar\/sitio\/wp-json\/wp\/v2\/users\/4"}],"replies":[{"embeddable":true,"href":"https:\/\/eldiariodesanpedro.com.ar\/sitio\/wp-json\/wp\/v2\/comments?post=45853"}],"version-history":[{"count":1,"href":"https:\/\/eldiariodesanpedro.com.ar\/sitio\/wp-json\/wp\/v2\/posts\/45853\/revisions"}],"predecessor-version":[{"id":45855,"href":"https:\/\/eldiariodesanpedro.com.ar\/sitio\/wp-json\/wp\/v2\/posts\/45853\/revisions\/45855"}],"wp:featuredmedia":[{"embeddable":true,"href":"https:\/\/eldiariodesanpedro.com.ar\/sitio\/wp-json\/wp\/v2\/media\/45854"}],"wp:attachment":[{"href":"https:\/\/eldiariodesanpedro.com.ar\/sitio\/wp-json\/wp\/v2\/media?parent=45853"}],"wp:term":[{"taxonomy":"category","embeddable":true,"href":"https:\/\/eldiariodesanpedro.com.ar\/sitio\/wp-json\/wp\/v2\/categories?post=45853"},{"taxonomy":"post_tag","embeddable":true,"href":"https:\/\/eldiariodesanpedro.com.ar\/sitio\/wp-json\/wp\/v2\/tags?post=45853"}],"curies":[{"name":"wp","href":"https:\/\/api.w.org\/{rel}","templated":true}]}}