{"id":45849,"date":"2019-01-12T10:56:59","date_gmt":"2019-01-12T13:56:59","guid":{"rendered":"https:\/\/eldiariodesanpedro.com.ar\/sitio\/?p=45849"},"modified":"2019-01-12T10:57:56","modified_gmt":"2019-01-12T13:57:56","slug":"san-nicolas-murio-un-adolescente-por-inhalar-gas-butano","status":"publish","type":"post","link":"https:\/\/eldiariodesanpedro.com.ar\/sitio\/san-nicolas-murio-un-adolescente-por-inhalar-gas-butano\/","title":{"rendered":"SAN NICOLAS: Muri\u00f3 un adolescente por inhalar gas butano"},"content":{"rendered":"<!-- VideographyWP Plugin Message: Automatic video embedding prevented by plugin options. -->\n\n<p>\n\nSe trata de Aaron Uriel Far\u00eda de 16 a\u00f1os, domiciliado en Jos\u00e9 Ingeniero 371, estudiante del 5\u00b0 a\u00f1o de la escuela AMAF.<\/p>\n\n\n\n<p>El joven muri\u00f3 en la madrugada de este s\u00e1bado, alrededor de las 2:00 en el Hospital San Felipe.<\/p>\n\n\n\n<p>De acuerdo a la informaci\u00f3n policial, Far\u00eda estaba en compa\u00f1\u00eda de otros dos j\u00f3venes en la plaza del Cementerio Local, inhalando gas butano de su encendedor.<\/p>\n\n\n\n<p>Personal del SAME se constituy\u00f3 en el lugar, lo trasladaron hasta el nosocomio y se realizaron maniobras de reanimaci\u00f3n durante 40 minutos, pero fueron infructuosas.<\/p>\n\n\n\n<p>Fuente: El Informante<\/p>\n","protected":false},"excerpt":{"rendered":"<p>Se trata de Aaron Uriel Far\u00eda de 16 a\u00f1os, domiciliado en Jos\u00e9 Ingeniero 371, estudiante del 5\u00b0 a\u00f1o de la escuela AMAF. El joven muri\u00f3 en la madrugada de este s\u00e1bado, alrededor de las 2:00 en el Hospital San Felipe. De acuerdo a la informaci\u00f3n policial, Far\u00eda estaba en compa\u00f1\u00eda de otros dos j\u00f3venes en [&hellip;]<\/p>\n","protected":false},"author":4,"featured_media":45850,"comment_status":"open","ping_status":"closed","sticky":false,"template":"","format":"standard","meta":{"om_disable_all_campaigns":false,"_jetpack_memberships_contains_paid_content":false,"footnotes":""},"categories":[621],"tags":[],"class_list":["post-45849","post","type-post","status-publish","format-standard","has-post-thumbnail","hentry","category-regionales"],"aioseo_notices":[],"gutentor_comment":0,"jetpack_featured_media_url":"https:\/\/eldiariodesanpedro.com.ar\/sitio\/wp-content\/uploads\/2019\/01\/no_qp951flwja8hahvuriel.jpg","jetpack_shortlink":"https:\/\/wp.me\/p6RhLt-bVv","jetpack_sharing_enabled":true,"_links":{"self":[{"href":"https:\/\/eldiariodesanpedro.com.ar\/sitio\/wp-json\/wp\/v2\/posts\/45849","targetHints":{"allow":["GET"]}}],"collection":[{"href":"https:\/\/eldiariodesanpedro.com.ar\/sitio\/wp-json\/wp\/v2\/posts"}],"about":[{"href":"https:\/\/eldiariodesanpedro.com.ar\/sitio\/wp-json\/wp\/v2\/types\/post"}],"author":[{"embeddable":true,"href":"https:\/\/eldiariodesanpedro.com.ar\/sitio\/wp-json\/wp\/v2\/users\/4"}],"replies":[{"embeddable":true,"href":"https:\/\/eldiariodesanpedro.com.ar\/sitio\/wp-json\/wp\/v2\/comments?post=45849"}],"version-history":[{"count":2,"href":"https:\/\/eldiariodesanpedro.com.ar\/sitio\/wp-json\/wp\/v2\/posts\/45849\/revisions"}],"predecessor-version":[{"id":45852,"href":"https:\/\/eldiariodesanpedro.com.ar\/sitio\/wp-json\/wp\/v2\/posts\/45849\/revisions\/45852"}],"wp:featuredmedia":[{"embeddable":true,"href":"https:\/\/eldiariodesanpedro.com.ar\/sitio\/wp-json\/wp\/v2\/media\/45850"}],"wp:attachment":[{"href":"https:\/\/eldiariodesanpedro.com.ar\/sitio\/wp-json\/wp\/v2\/media?parent=45849"}],"wp:term":[{"taxonomy":"category","embeddable":true,"href":"https:\/\/eldiariodesanpedro.com.ar\/sitio\/wp-json\/wp\/v2\/categories?post=45849"},{"taxonomy":"post_tag","embeddable":true,"href":"https:\/\/eldiariodesanpedro.com.ar\/sitio\/wp-json\/wp\/v2\/tags?post=45849"}],"curies":[{"name":"wp","href":"https:\/\/api.w.org\/{rel}","templated":true}]}}