{"id":45845,"date":"2019-01-12T10:52:15","date_gmt":"2019-01-12T13:52:15","guid":{"rendered":"https:\/\/eldiariodesanpedro.com.ar\/sitio\/?p=45845"},"modified":"2019-01-12T10:52:24","modified_gmt":"2019-01-12T13:52:24","slug":"ramallo-piden-sesion-extraordinaria-de-urgencia-para-tratar-el-presupuesto-municipal","status":"publish","type":"post","link":"https:\/\/eldiariodesanpedro.com.ar\/sitio\/ramallo-piden-sesion-extraordinaria-de-urgencia-para-tratar-el-presupuesto-municipal\/","title":{"rendered":"RAMALLO: Piden sesi\u00f3n extraordinaria de urgencia para tratar el Presupuesto municipal"},"content":{"rendered":"<!-- VideographyWP Plugin Message: Automatic video embedding prevented by plugin options. -->\n\n<p>El presidente del bloque de concejales del Frente para la Victoria-Unidad ciudadana de Ramallo,&nbsp;<strong>Elvio Zanazzi<\/strong>, realiz\u00f3 un pedido formal al presidente del cuerpo deliberativo local,<strong>&nbsp;Sergio Costoya&nbsp;<\/strong>(Cambiemos), para que convoque en car\u00e1cter de urgente a sesi\u00f3n extraordinaria para tratar el Presupuesto municipal, cuyo debate qued\u00f3 trunco por falta de qu\u00f3rum el pasado 26 de diciembre.<\/p>\n\n\n\n<p>\u201cResulta incomprensible el no tratamiento de la norma fundamental del municipio cuando este bloque se qued\u00f3 en el edificio la noche del 26 de diciembre para votar el mismo\u201d, expuso el edil peronista.<\/p>\n\n\n\n<p>Y recalc\u00f3: \u201cel presidente de nuestro bloque se acerc\u00f3 a la oficina de Presidencia y los ediles de Cambiemos le comunicaron que no ser\u00eda tratado en raz\u00f3n de tener que realizar consultas a organismos provinciales. Consideramos que debi\u00f3 tratarse, para ello est\u00e1bamos todos los concejales\u201d.<\/p>\n\n\n\n<p>\u201cDespu\u00e9s de quince d\u00edas pasados desde el 26 de diciembre a\u00fan no hemos sido convocados para tratar el Presupuesto. Ignoramos por qu\u00e9 y pedimos tratamiento inmediato\u201d, sentenci\u00f3 Zanazzi.<\/p>\n\n\n\n<p>Fuente: Ramallo Ciudad<\/p>\n","protected":false},"excerpt":{"rendered":"<p>El presidente del bloque de concejales del Frente para la Victoria-Unidad ciudadana de Ramallo,&nbsp;Elvio Zanazzi, realiz\u00f3 un pedido formal al presidente del cuerpo deliberativo local,&nbsp;Sergio Costoya&nbsp;(Cambiemos), para que convoque en car\u00e1cter de urgente a sesi\u00f3n extraordinaria para tratar el Presupuesto municipal, cuyo debate qued\u00f3 trunco por falta de qu\u00f3rum el pasado 26 de diciembre. \u201cResulta [&hellip;]<\/p>\n","protected":false},"author":4,"featured_media":45846,"comment_status":"open","ping_status":"closed","sticky":false,"template":"","format":"standard","meta":{"om_disable_all_campaigns":false,"_jetpack_memberships_contains_paid_content":false,"footnotes":""},"categories":[621],"tags":[],"class_list":["post-45845","post","type-post","status-publish","format-standard","has-post-thumbnail","hentry","category-regionales"],"aioseo_notices":[],"gutentor_comment":0,"jetpack_featured_media_url":"https:\/\/eldiariodesanpedro.com.ar\/sitio\/wp-content\/uploads\/2019\/01\/bbx_1058522049_1_WhatsAp.jpeg","jetpack_shortlink":"https:\/\/wp.me\/p6RhLt-bVr","jetpack_sharing_enabled":true,"_links":{"self":[{"href":"https:\/\/eldiariodesanpedro.com.ar\/sitio\/wp-json\/wp\/v2\/posts\/45845","targetHints":{"allow":["GET"]}}],"collection":[{"href":"https:\/\/eldiariodesanpedro.com.ar\/sitio\/wp-json\/wp\/v2\/posts"}],"about":[{"href":"https:\/\/eldiariodesanpedro.com.ar\/sitio\/wp-json\/wp\/v2\/types\/post"}],"author":[{"embeddable":true,"href":"https:\/\/eldiariodesanpedro.com.ar\/sitio\/wp-json\/wp\/v2\/users\/4"}],"replies":[{"embeddable":true,"href":"https:\/\/eldiariodesanpedro.com.ar\/sitio\/wp-json\/wp\/v2\/comments?post=45845"}],"version-history":[{"count":1,"href":"https:\/\/eldiariodesanpedro.com.ar\/sitio\/wp-json\/wp\/v2\/posts\/45845\/revisions"}],"predecessor-version":[{"id":45847,"href":"https:\/\/eldiariodesanpedro.com.ar\/sitio\/wp-json\/wp\/v2\/posts\/45845\/revisions\/45847"}],"wp:featuredmedia":[{"embeddable":true,"href":"https:\/\/eldiariodesanpedro.com.ar\/sitio\/wp-json\/wp\/v2\/media\/45846"}],"wp:attachment":[{"href":"https:\/\/eldiariodesanpedro.com.ar\/sitio\/wp-json\/wp\/v2\/media?parent=45845"}],"wp:term":[{"taxonomy":"category","embeddable":true,"href":"https:\/\/eldiariodesanpedro.com.ar\/sitio\/wp-json\/wp\/v2\/categories?post=45845"},{"taxonomy":"post_tag","embeddable":true,"href":"https:\/\/eldiariodesanpedro.com.ar\/sitio\/wp-json\/wp\/v2\/tags?post=45845"}],"curies":[{"name":"wp","href":"https:\/\/api.w.org\/{rel}","templated":true}]}}