{"id":4584,"date":"2016-05-20T21:00:51","date_gmt":"2016-05-21T00:00:51","guid":{"rendered":"https:\/\/eldiariodesanpedro.com.ar\/sitio\/?p=4584"},"modified":"2016-05-20T21:00:51","modified_gmt":"2016-05-21T00:00:51","slug":"escapar-del-horror","status":"publish","type":"post","link":"https:\/\/eldiariodesanpedro.com.ar\/sitio\/escapar-del-horror\/","title":{"rendered":"Escapar del horror"},"content":{"rendered":"<p><!-- VideographyWP Plugin Message: Automatic video embedding prevented by plugin options. --><br \/>\nUna mujer denunci\u00f3 que sus suegros la tuvieron \u201ccautiva\u201d ocho meses<br \/>\nLa mujer se encontraba en una precaria edificaci\u00f3n que se hallaba dentro de un criadero de chanchos; ten\u00eda piso de tierra y el ingreso estaba cerrado con candado y cadena. En ese lugar, permanec\u00eda con su hijo. All\u00ed ambos dorm\u00edan en la tierra y eran alimentados diariamente con comida que les era entregada por una abertura debajo de la puerta de ingreso. La v\u00edctima denunci\u00f3 no solo la privaci\u00f3n ilegal de su libertad, sino que tambi\u00e9n que hubo reiterados maltratos.<br \/>\nPor causas que se desconocen, la suegra de la mujer el jueves por la noche la dej\u00f3 ir. Seg\u00fan consta en la causa, la \u00abech\u00f3\u00bb y la mujer, como pudo, lleg\u00f3 a San Pedro y radic\u00f3 la denuncia en la Comisar\u00eda de la Mujer. Sin embargo, debi\u00f3 dejar a su hijo all\u00ed. Es por ello que la polic\u00eda realiz\u00f3 allanamientos para recuperar al ni\u00f1o.<br \/>\nEn tanto, tambi\u00e9n fueron retirados tres menores m\u00e1s y una joven de 18 a\u00f1os que reside en el lugar, pero se trata de la expareja de otro de los integrantes de la familia, que falleci\u00f3 a\u00f1os atr\u00e1s en un enfrentamiento armado con la polic\u00eda. La misma estar\u00eda pasando por una situaci\u00f3n similar y es lo que la fiscal\u00eda intenta dilucidar. En estos momentos se encuentran con contenci\u00f3n del Servicio Local de Promoci\u00f3n y Protecci\u00f3n de los Derechos del Ni\u00f1o y el  Adolescente, en el Instituto Sarmiento.<br \/>\nPor otro lado, la mujer dej\u00f3 asentado que hab\u00eda maltratos continuos. Es por ello que efectivos policiales lograron secuestrar de la casa en Doyle elementos que pueden aportar a la causa en ese sentido, un rebenque y palos.<br \/>\nSeg\u00fan se pudo establecer, se trata de la conflictiva familia Bianchi, que nuevamente se ve envuelta en una compleja situaci\u00f3n. En tanto que la pareja de la v\u00edctima se encuentra detenido por un hecho de abuso sexual a su propia hija. Acompa\u00f1ada de los padres del hombre de 35 a\u00f1os iba a visitarlo al penal y all\u00ed habr\u00eda quedado embarazada (estar\u00eda encinta de unos tres meses).<br \/>\n\u201cTodo se inicia con una denuncia que una joven realiza ac\u00e1 en la comisar\u00eda, que fue privada de su libertad por sus suegros. En el d\u00eda de ayer, en horas de la noche, no sabe por qu\u00e9 le dijeron que se retire de la casa\u201d, explic\u00f3 la oficial principal Daniela Garc\u00eda, a cargo de la Comisar\u00eda de la Mujer.<br \/>\n\u201cDesde un principio se le brind\u00f3 contenci\u00f3n con personal del Servicio Local, se le dio intervenci\u00f3n a la Justicia. Esta joven tiene un hijo el cual hab\u00eda quedado con sus suegros\u201d, explic\u00f3 Garc\u00eda y agreg\u00f3: \u201cSe solicitaron los allanamientos correspondientes y se logr\u00f3 la restituci\u00f3n del ni\u00f1o con su madre y al momento se encuentran resguardados y asistidos por el personal del Servicio Local\u201d.<br \/>\nAsimismo, a\u00f1adi\u00f3: \u201cHab\u00eda otros menores, tambi\u00e9n nietos de esta pareja, de diferentes hijos, que estaban viviendo en el lugar y que fueron traslados a los fines de una evaluaci\u00f3n m\u00e9dica para que se determine si estaban corriendo alg\u00fan tipo de riesgo. Depende lo que diga el informe ser\u00e1n restituidos a sus familias o no\u201d.<br \/>\n\u201cLo que ella [la denunciante] refiere es que tiene un embarazo de tres meses\u201d dijo Garc\u00eda y se\u00f1al\u00f3 en ese sentido: \u201cSu concubino se encuentra detenido en el penal, el cual iba a visitar junto con otros familiares y en ese contacto ha quedado embarzada\u201d.<br \/>\nA pesar de estar encerrada, \u201cella refiere que pod\u00eda salir del domicilio siempre acompa\u00f1ada por sus suegros que la ten\u00edan en una precaria vivienda en el fondo de un terreno donde era alimentada por debajo de la puerta, en el cual se encontraba su ni\u00f1o, el que era retirado en algunas oportunidades, pero si no permanec\u00edan ah\u00ed\u201d.<\/p>\n","protected":false},"excerpt":{"rendered":"<p>Una mujer denunci\u00f3 que sus suegros la tuvieron \u201ccautiva\u201d ocho meses La mujer se encontraba en una precaria edificaci\u00f3n que se hallaba dentro de un criadero de chanchos; ten\u00eda piso de tierra y el ingreso estaba cerrado con candado y cadena. En ese lugar, permanec\u00eda con su hijo. All\u00ed ambos dorm\u00edan en la tierra y [&hellip;]<\/p>\n","protected":false},"author":4,"featured_media":4585,"comment_status":"open","ping_status":"closed","sticky":false,"template":"","format":"standard","meta":{"om_disable_all_campaigns":false,"_jetpack_memberships_contains_paid_content":false,"footnotes":""},"categories":[50,2,103],"tags":[],"class_list":["post-4584","post","type-post","status-publish","format-standard","has-post-thumbnail","hentry","category-destacadas","category-locales","category-policiales-locales"],"aioseo_notices":[],"gutentor_comment":0,"jetpack_featured_media_url":"https:\/\/eldiariodesanpedro.com.ar\/sitio\/wp-content\/uploads\/2016\/05\/FOTO-TAPA-1.jpg","jetpack_shortlink":"https:\/\/wp.me\/p6RhLt-1bW","jetpack_sharing_enabled":true,"_links":{"self":[{"href":"https:\/\/eldiariodesanpedro.com.ar\/sitio\/wp-json\/wp\/v2\/posts\/4584","targetHints":{"allow":["GET"]}}],"collection":[{"href":"https:\/\/eldiariodesanpedro.com.ar\/sitio\/wp-json\/wp\/v2\/posts"}],"about":[{"href":"https:\/\/eldiariodesanpedro.com.ar\/sitio\/wp-json\/wp\/v2\/types\/post"}],"author":[{"embeddable":true,"href":"https:\/\/eldiariodesanpedro.com.ar\/sitio\/wp-json\/wp\/v2\/users\/4"}],"replies":[{"embeddable":true,"href":"https:\/\/eldiariodesanpedro.com.ar\/sitio\/wp-json\/wp\/v2\/comments?post=4584"}],"version-history":[{"count":1,"href":"https:\/\/eldiariodesanpedro.com.ar\/sitio\/wp-json\/wp\/v2\/posts\/4584\/revisions"}],"predecessor-version":[{"id":4586,"href":"https:\/\/eldiariodesanpedro.com.ar\/sitio\/wp-json\/wp\/v2\/posts\/4584\/revisions\/4586"}],"wp:featuredmedia":[{"embeddable":true,"href":"https:\/\/eldiariodesanpedro.com.ar\/sitio\/wp-json\/wp\/v2\/media\/4585"}],"wp:attachment":[{"href":"https:\/\/eldiariodesanpedro.com.ar\/sitio\/wp-json\/wp\/v2\/media?parent=4584"}],"wp:term":[{"taxonomy":"category","embeddable":true,"href":"https:\/\/eldiariodesanpedro.com.ar\/sitio\/wp-json\/wp\/v2\/categories?post=4584"},{"taxonomy":"post_tag","embeddable":true,"href":"https:\/\/eldiariodesanpedro.com.ar\/sitio\/wp-json\/wp\/v2\/tags?post=4584"}],"curies":[{"name":"wp","href":"https:\/\/api.w.org\/{rel}","templated":true}]}}