{"id":4581,"date":"2016-05-20T20:56:23","date_gmt":"2016-05-20T23:56:23","guid":{"rendered":"https:\/\/eldiariodesanpedro.com.ar\/sitio\/?p=4581"},"modified":"2016-05-20T20:56:23","modified_gmt":"2016-05-20T23:56:23","slug":"continuan-los-arreglos-en-los-accesos-de-gobernador-castro-y-santa-lucia","status":"publish","type":"post","link":"https:\/\/eldiariodesanpedro.com.ar\/sitio\/continuan-los-arreglos-en-los-accesos-de-gobernador-castro-y-santa-lucia\/","title":{"rendered":"Contin\u00faan los arreglos en los accesos de Gobernador Castro y Santa Luc\u00eda"},"content":{"rendered":"<p><!-- VideographyWP Plugin Message: Automatic video embedding prevented by plugin options. --><br \/>\nLa Secretar\u00eda de Obras P\u00fablicas est\u00e1 llevando a cabo tareas en los ingresos a las dos localidades.<br \/>\nEn Gobernador Castro, se est\u00e1n limpiando y reparando las banquinas. Se nivelaron las mismas para luego rellenar con tosca. Para ello, se est\u00e1n utilizando una motoniveladora, una retroexcavadora, un cami\u00f3n y dos cuadrillas. Las tareas se realizan desde el puente de ingreso en la ruta N\u00ba 9 hacia la localidad, en un trayecto de 2000 metros.<br \/>\nEn Santa Luc\u00eda con una motoniveladora, un tractor con disco, un cami\u00f3n y una cuadrilla, se nivelan y rastrean las banquinas en dicho acceso.<\/p>\n<p>Obras diarias <\/p>\n<p>Adem\u00e1s de ello, la cartera municipal brind\u00f3 su reporte diario de las actividades que se llevan a cabo.<br \/>\nCorral\u00f3n Municipal: Con una motoniveladora, una cuadrilla y una retroexcavadora se trabaj\u00f3 en el barrio San Roque. Con un cami\u00f3n se riegan las calles entoscadas recientemente. Con una cuadrilla se limpian c\u00e1maras. Con un tractor con cespera se corta en R\u00edo Tala. Con una cuadrilla se corta pasto en Av. 3 de Febrero y Sarmiento. Con un cami\u00f3n se juntan ramas. Con una motoniveladora se trabaja en el Barrio Villa Catalina de R\u00edo Tala.<br \/>\nRed Cloacal: Se trabaj\u00f3 en F. Quiroga y J. Rivero, Saavedra al 1600, M. Iglesias al 1000 y al 2500, Nieto de Torres al 1400, D\u00e1vila al 900, Ituzaingo al 2500, San Mart\u00edn al 1200.<br \/>\nRed de Agua: Se arregl\u00f3 en calle Larralde y 9 de Julio, en el Paraje Vuelta de Obligado, J. Hern\u00e1ndez y Maino, M. Mill\u00e1n y P. Santana, Depietri y R. Moreno.<\/p>\n","protected":false},"excerpt":{"rendered":"<p>La Secretar\u00eda de Obras P\u00fablicas est\u00e1 llevando a cabo tareas en los ingresos a las dos localidades. En Gobernador Castro, se est\u00e1n limpiando y reparando las banquinas. Se nivelaron las mismas para luego rellenar con tosca. Para ello, se est\u00e1n utilizando una motoniveladora, una retroexcavadora, un cami\u00f3n y dos cuadrillas. Las tareas se realizan desde [&hellip;]<\/p>\n","protected":false},"author":4,"featured_media":4582,"comment_status":"open","ping_status":"closed","sticky":false,"template":"","format":"standard","meta":{"om_disable_all_campaigns":false,"_jetpack_memberships_contains_paid_content":false,"footnotes":""},"categories":[50,101,2],"tags":[],"class_list":["post-4581","post","type-post","status-publish","format-standard","has-post-thumbnail","hentry","category-destacadas","category-interes-general-locales","category-locales"],"aioseo_notices":[],"gutentor_comment":0,"jetpack_featured_media_url":"https:\/\/eldiariodesanpedro.com.ar\/sitio\/wp-content\/uploads\/2016\/05\/PAGINA-5.jpeg","jetpack_shortlink":"https:\/\/wp.me\/p6RhLt-1bT","jetpack_sharing_enabled":true,"_links":{"self":[{"href":"https:\/\/eldiariodesanpedro.com.ar\/sitio\/wp-json\/wp\/v2\/posts\/4581","targetHints":{"allow":["GET"]}}],"collection":[{"href":"https:\/\/eldiariodesanpedro.com.ar\/sitio\/wp-json\/wp\/v2\/posts"}],"about":[{"href":"https:\/\/eldiariodesanpedro.com.ar\/sitio\/wp-json\/wp\/v2\/types\/post"}],"author":[{"embeddable":true,"href":"https:\/\/eldiariodesanpedro.com.ar\/sitio\/wp-json\/wp\/v2\/users\/4"}],"replies":[{"embeddable":true,"href":"https:\/\/eldiariodesanpedro.com.ar\/sitio\/wp-json\/wp\/v2\/comments?post=4581"}],"version-history":[{"count":1,"href":"https:\/\/eldiariodesanpedro.com.ar\/sitio\/wp-json\/wp\/v2\/posts\/4581\/revisions"}],"predecessor-version":[{"id":4583,"href":"https:\/\/eldiariodesanpedro.com.ar\/sitio\/wp-json\/wp\/v2\/posts\/4581\/revisions\/4583"}],"wp:featuredmedia":[{"embeddable":true,"href":"https:\/\/eldiariodesanpedro.com.ar\/sitio\/wp-json\/wp\/v2\/media\/4582"}],"wp:attachment":[{"href":"https:\/\/eldiariodesanpedro.com.ar\/sitio\/wp-json\/wp\/v2\/media?parent=4581"}],"wp:term":[{"taxonomy":"category","embeddable":true,"href":"https:\/\/eldiariodesanpedro.com.ar\/sitio\/wp-json\/wp\/v2\/categories?post=4581"},{"taxonomy":"post_tag","embeddable":true,"href":"https:\/\/eldiariodesanpedro.com.ar\/sitio\/wp-json\/wp\/v2\/tags?post=4581"}],"curies":[{"name":"wp","href":"https:\/\/api.w.org\/{rel}","templated":true}]}}