{"id":4578,"date":"2016-05-20T20:53:43","date_gmt":"2016-05-20T23:53:43","guid":{"rendered":"https:\/\/eldiariodesanpedro.com.ar\/sitio\/?p=4578"},"modified":"2016-05-20T20:53:43","modified_gmt":"2016-05-20T23:53:43","slug":"representante-de-la-empresa-farallon-se-reunio-con-autoridades-municipales","status":"publish","type":"post","link":"https:\/\/eldiariodesanpedro.com.ar\/sitio\/representante-de-la-empresa-farallon-se-reunio-con-autoridades-municipales\/","title":{"rendered":"Representante de la empresa Farall\u00f3n se reuni\u00f3 con autoridades municipales"},"content":{"rendered":"<p><!-- VideographyWP Plugin Message: Automatic video embedding prevented by plugin options. --><br \/>\nEn la tarde de hoy, arrib\u00f3 a la ciudad el Ing. Juan Ignacio Pomposiello de la empresa Farall\u00f3n y se reuni\u00f3 con el secretario de Gobierno, Silvio Corti, el secretario de Obras y Servicios P\u00fablicos, Jorge Ponzio, y con el secretario de Econom\u00eda, Mario S\u00e1nchez Negrete.<br \/>\nSeg\u00fan se pudo establecer, en el encuentro se habl\u00f3 del modo en que se desarrollar\u00e1n la obras, puesto que se plantearon dos alternativas. Una posibilidad es cerrar totalmente la ruta 1001 y que la salida sea por la 191. De esta manera, los trabajos all\u00ed se har\u00edan mucho m\u00e1s r\u00e1pido, pero existe la problem\u00e1tica de las personas que deben usar s\u00ed o s\u00ed dicho camino, por ejemplo, los vecinos de R\u00edo Tala o aquellos que trabajan en Papel Prensa. Sin embargo, esto estar\u00eda pr\u00e1cticamente descartado y la opci\u00f3n que se elegir\u00eda ser\u00eda la reparaci\u00f3n de las calzadas de a mil metros por cada mano, por lo que el tr\u00e1nsito deber\u00eda ser controlado mientras se efect\u00faen los trabajos all\u00ed.<br \/>\nPor otro lado, en la reuni\u00f3n se charl\u00f3 sobre la posibilidad de que, paralelamente, se puedan concretar algunas obras de hidr\u00e1ulica sobre dicha arteria. El objetivo es lograr algunos canales aliviadores que permitan el paso del agua que proviene de los campos cada vez que llueve y, de esta manera, hacer que escurran sobre el r\u00edo y que no lleguen a la ciudad con cada fuerte tormenta.<br \/>\nEn tanto que tambi\u00e9n se discuti\u00f3 sobre las tareas que se desarrollar\u00e1n sobre la ruta 1001. De los dos ingresos a la ciudad es el que mejor est\u00e1; sin embargo, algunas de las losas de hormig\u00f3n tienen serios da\u00f1os, sobre todo a la altura de la Escuela N\u00ba 18. En ese caso, se deber\u00e1 restringir el paso de camiones, ya que la vibraci\u00f3n que produce su andar complicar\u00eda el fresado y la calidad del producto terminado luego.<br \/>\nCabe destacar que el obrador ser\u00e1 instalado en el predio del Autom\u00f3vil Club, que se encuentra sobre la ruta 9 vieja, tal cual se hab\u00eda dado a conocer el a\u00f1o pasado. La empresa no ha dejado de alquilar ese predio desde entonces.<br \/>\nAdem\u00e1s, a\u00fan no hay fecha precisa del inicio de la reparaci\u00f3n de los accesos, pero se espera que en los pr\u00f3ximos d\u00edas d\u00e9 a conocer. Es muy probable que haya novedades el pr\u00f3ximo mes de junio.<\/p>\n","protected":false},"excerpt":{"rendered":"<p>En la tarde de hoy, arrib\u00f3 a la ciudad el Ing. Juan Ignacio Pomposiello de la empresa Farall\u00f3n y se reuni\u00f3 con el secretario de Gobierno, Silvio Corti, el secretario de Obras y Servicios P\u00fablicos, Jorge Ponzio, y con el secretario de Econom\u00eda, Mario S\u00e1nchez Negrete. Seg\u00fan se pudo establecer, en el encuentro se habl\u00f3 [&hellip;]<\/p>\n","protected":false},"author":4,"featured_media":4579,"comment_status":"open","ping_status":"closed","sticky":false,"template":"","format":"standard","meta":{"om_disable_all_campaigns":false,"_jetpack_memberships_contains_paid_content":false,"footnotes":""},"categories":[50,101,2],"tags":[],"class_list":["post-4578","post","type-post","status-publish","format-standard","has-post-thumbnail","hentry","category-destacadas","category-interes-general-locales","category-locales"],"aioseo_notices":[],"gutentor_comment":0,"jetpack_featured_media_url":"https:\/\/eldiariodesanpedro.com.ar\/sitio\/wp-content\/uploads\/2016\/05\/ruta_1001_2.jpg","jetpack_shortlink":"https:\/\/wp.me\/p6RhLt-1bQ","jetpack_sharing_enabled":true,"_links":{"self":[{"href":"https:\/\/eldiariodesanpedro.com.ar\/sitio\/wp-json\/wp\/v2\/posts\/4578","targetHints":{"allow":["GET"]}}],"collection":[{"href":"https:\/\/eldiariodesanpedro.com.ar\/sitio\/wp-json\/wp\/v2\/posts"}],"about":[{"href":"https:\/\/eldiariodesanpedro.com.ar\/sitio\/wp-json\/wp\/v2\/types\/post"}],"author":[{"embeddable":true,"href":"https:\/\/eldiariodesanpedro.com.ar\/sitio\/wp-json\/wp\/v2\/users\/4"}],"replies":[{"embeddable":true,"href":"https:\/\/eldiariodesanpedro.com.ar\/sitio\/wp-json\/wp\/v2\/comments?post=4578"}],"version-history":[{"count":1,"href":"https:\/\/eldiariodesanpedro.com.ar\/sitio\/wp-json\/wp\/v2\/posts\/4578\/revisions"}],"predecessor-version":[{"id":4580,"href":"https:\/\/eldiariodesanpedro.com.ar\/sitio\/wp-json\/wp\/v2\/posts\/4578\/revisions\/4580"}],"wp:featuredmedia":[{"embeddable":true,"href":"https:\/\/eldiariodesanpedro.com.ar\/sitio\/wp-json\/wp\/v2\/media\/4579"}],"wp:attachment":[{"href":"https:\/\/eldiariodesanpedro.com.ar\/sitio\/wp-json\/wp\/v2\/media?parent=4578"}],"wp:term":[{"taxonomy":"category","embeddable":true,"href":"https:\/\/eldiariodesanpedro.com.ar\/sitio\/wp-json\/wp\/v2\/categories?post=4578"},{"taxonomy":"post_tag","embeddable":true,"href":"https:\/\/eldiariodesanpedro.com.ar\/sitio\/wp-json\/wp\/v2\/tags?post=4578"}],"curies":[{"name":"wp","href":"https:\/\/api.w.org\/{rel}","templated":true}]}}