{"id":45409,"date":"2019-01-04T10:43:16","date_gmt":"2019-01-04T13:43:16","guid":{"rendered":"https:\/\/eldiariodesanpedro.com.ar\/sitio\/?p=45409"},"modified":"2019-01-04T10:43:26","modified_gmt":"2019-01-04T13:43:26","slug":"salazar-confirmo-a-todo-su-gabinete","status":"publish","type":"post","link":"https:\/\/eldiariodesanpedro.com.ar\/sitio\/salazar-confirmo-a-todo-su-gabinete\/","title":{"rendered":"Salazar confirm\u00f3 a todo su gabinete"},"content":{"rendered":"<!-- VideographyWP Plugin Message: Automatic video embedding prevented by plugin options. -->\n\n<p>En medio de las versiones que hablaban de cambios, el jefe comunal asegur\u00f3 que no habr\u00e1 modificaciones en su gabinete.\u00a0 <\/p>\n\n\n\n<p>Como en cada inicio de a\u00f1o el Intendente Municipal cuenta con la posibilidad de evaluar cada caso y solicitar que cada funcionario de su gabinete ponga a disposici\u00f3n la renuncia.\u00a0<\/p>\n\n\n\n<p>Mientras tanto, sobre el cierre del 2018, fueron varias las versiones que indicaban que el a\u00f1o nuevo vendr\u00eda con modificaciones y que habr\u00eda cambios en algunas secretarias y direcciones.<\/p>\n\n\n\n<p>El propio Cecilio Salazar&nbsp;confirm\u00f3 a FM G\u00e9nesis que luego de&nbsp;evaluarlo no&nbsp;realizar\u00e1 modificaciones en su gabinete y que confirmaba a todos en sus puestos.&nbsp;<\/p>\n\n\n\n<p>Para los pr\u00f3ximos d\u00edas se espera el acto de asunci\u00f3n oficial y jura del flamante Secretario de Hacienda, Fabi\u00e1n Rodriguez, como as\u00ed tambi\u00e9n la llegada de Ramiro S\u00e1nchez Negrete a la Direcci\u00f3n de Deportes.\u00a0<\/p>\n\n\n\n<p>Fuente: San Pedro Informa (<a href=\"https:\/\/www.sanpedroinforma.com.ar\/portada.html\">www.sanpedroinforma.com.ar<\/a>)<\/p>\n\n\n\n<p><\/p>\n","protected":false},"excerpt":{"rendered":"<p>En medio de las versiones que hablaban de cambios, el jefe comunal asegur\u00f3 que no habr\u00e1 modificaciones en su gabinete.\u00a0 Como en cada inicio de a\u00f1o el Intendente Municipal cuenta con la posibilidad de evaluar cada caso y solicitar que cada funcionario de su gabinete ponga a disposici\u00f3n la renuncia.\u00a0 Mientras tanto, sobre el cierre [&hellip;]<\/p>\n","protected":false},"author":4,"featured_media":45410,"comment_status":"open","ping_status":"closed","sticky":false,"template":"","format":"standard","meta":{"om_disable_all_campaigns":false,"_jetpack_memberships_contains_paid_content":false,"footnotes":""},"categories":[2,102],"tags":[],"class_list":["post-45409","post","type-post","status-publish","format-standard","has-post-thumbnail","hentry","category-locales","category-politica-locales"],"aioseo_notices":[],"gutentor_comment":0,"jetpack_featured_media_url":"https:\/\/eldiariodesanpedro.com.ar\/sitio\/wp-content\/uploads\/2019\/01\/000074748.jpg","jetpack_shortlink":"https:\/\/wp.me\/p6RhLt-bOp","jetpack_sharing_enabled":true,"_links":{"self":[{"href":"https:\/\/eldiariodesanpedro.com.ar\/sitio\/wp-json\/wp\/v2\/posts\/45409","targetHints":{"allow":["GET"]}}],"collection":[{"href":"https:\/\/eldiariodesanpedro.com.ar\/sitio\/wp-json\/wp\/v2\/posts"}],"about":[{"href":"https:\/\/eldiariodesanpedro.com.ar\/sitio\/wp-json\/wp\/v2\/types\/post"}],"author":[{"embeddable":true,"href":"https:\/\/eldiariodesanpedro.com.ar\/sitio\/wp-json\/wp\/v2\/users\/4"}],"replies":[{"embeddable":true,"href":"https:\/\/eldiariodesanpedro.com.ar\/sitio\/wp-json\/wp\/v2\/comments?post=45409"}],"version-history":[{"count":1,"href":"https:\/\/eldiariodesanpedro.com.ar\/sitio\/wp-json\/wp\/v2\/posts\/45409\/revisions"}],"predecessor-version":[{"id":45411,"href":"https:\/\/eldiariodesanpedro.com.ar\/sitio\/wp-json\/wp\/v2\/posts\/45409\/revisions\/45411"}],"wp:featuredmedia":[{"embeddable":true,"href":"https:\/\/eldiariodesanpedro.com.ar\/sitio\/wp-json\/wp\/v2\/media\/45410"}],"wp:attachment":[{"href":"https:\/\/eldiariodesanpedro.com.ar\/sitio\/wp-json\/wp\/v2\/media?parent=45409"}],"wp:term":[{"taxonomy":"category","embeddable":true,"href":"https:\/\/eldiariodesanpedro.com.ar\/sitio\/wp-json\/wp\/v2\/categories?post=45409"},{"taxonomy":"post_tag","embeddable":true,"href":"https:\/\/eldiariodesanpedro.com.ar\/sitio\/wp-json\/wp\/v2\/tags?post=45409"}],"curies":[{"name":"wp","href":"https:\/\/api.w.org\/{rel}","templated":true}]}}