{"id":45393,"date":"2019-01-04T10:20:49","date_gmt":"2019-01-04T13:20:49","guid":{"rendered":"https:\/\/eldiariodesanpedro.com.ar\/sitio\/?p=45393"},"modified":"2019-01-04T10:21:00","modified_gmt":"2019-01-04T13:21:00","slug":"dos-denuncias-en-la-comisaria-local-por-amenazas-y-golpear-a-menores","status":"publish","type":"post","link":"https:\/\/eldiariodesanpedro.com.ar\/sitio\/dos-denuncias-en-la-comisaria-local-por-amenazas-y-golpear-a-menores\/","title":{"rendered":"Dos denuncias en la comisar\u00eda local por amenazas y golpear a menores"},"content":{"rendered":"<!-- VideographyWP Plugin Message: Automatic video embedding prevented by plugin options. -->\n\n<p>Una menor de 15 a\u00f1os de edad fue golpeada salvajemente seg\u00fan lo denuncia su madre de 35 a\u00f1os, que el pasado 31 de diciembre de 2018, momento en que su hija se encontraba interior Club Pescadores, fue agredida por otra femenina a la que conoce, quien le propin\u00f3 golpes de pu\u00f1o y patadas, provocandole excoriaciones.<\/p>\n\n\n\n<p>Este jueves se recibi\u00f3 la de una ciudadana de 29 a\u00f1os quien asegura que su vecino amenaz\u00f3 a su hijo de 14 a\u00f1os de edad, con que cuando lo agarre solo en la calle lo iba a matar.  por lo que se pudo dialogar con la madre del menor se refiere a problemas vecinales de antigua data. <\/p>\n","protected":false},"excerpt":{"rendered":"<p>Una menor de 15 a\u00f1os de edad fue golpeada salvajemente seg\u00fan lo denuncia su madre de 35 a\u00f1os, que el pasado 31 de diciembre de 2018, momento en que su hija se encontraba interior Club Pescadores, fue agredida por otra femenina a la que conoce, quien le propin\u00f3 golpes de pu\u00f1o y patadas, provocandole excoriaciones. [&hellip;]<\/p>\n","protected":false},"author":4,"featured_media":45394,"comment_status":"open","ping_status":"closed","sticky":false,"template":"","format":"standard","meta":{"om_disable_all_campaigns":false,"_jetpack_memberships_contains_paid_content":false,"footnotes":""},"categories":[2,103],"tags":[],"class_list":["post-45393","post","type-post","status-publish","format-standard","has-post-thumbnail","hentry","category-locales","category-policiales-locales"],"aioseo_notices":[],"gutentor_comment":0,"jetpack_featured_media_url":"https:\/\/eldiariodesanpedro.com.ar\/sitio\/wp-content\/uploads\/2019\/01\/comisaria.jpg","jetpack_shortlink":"https:\/\/wp.me\/p6RhLt-bO9","jetpack_sharing_enabled":true,"_links":{"self":[{"href":"https:\/\/eldiariodesanpedro.com.ar\/sitio\/wp-json\/wp\/v2\/posts\/45393","targetHints":{"allow":["GET"]}}],"collection":[{"href":"https:\/\/eldiariodesanpedro.com.ar\/sitio\/wp-json\/wp\/v2\/posts"}],"about":[{"href":"https:\/\/eldiariodesanpedro.com.ar\/sitio\/wp-json\/wp\/v2\/types\/post"}],"author":[{"embeddable":true,"href":"https:\/\/eldiariodesanpedro.com.ar\/sitio\/wp-json\/wp\/v2\/users\/4"}],"replies":[{"embeddable":true,"href":"https:\/\/eldiariodesanpedro.com.ar\/sitio\/wp-json\/wp\/v2\/comments?post=45393"}],"version-history":[{"count":1,"href":"https:\/\/eldiariodesanpedro.com.ar\/sitio\/wp-json\/wp\/v2\/posts\/45393\/revisions"}],"predecessor-version":[{"id":45395,"href":"https:\/\/eldiariodesanpedro.com.ar\/sitio\/wp-json\/wp\/v2\/posts\/45393\/revisions\/45395"}],"wp:featuredmedia":[{"embeddable":true,"href":"https:\/\/eldiariodesanpedro.com.ar\/sitio\/wp-json\/wp\/v2\/media\/45394"}],"wp:attachment":[{"href":"https:\/\/eldiariodesanpedro.com.ar\/sitio\/wp-json\/wp\/v2\/media?parent=45393"}],"wp:term":[{"taxonomy":"category","embeddable":true,"href":"https:\/\/eldiariodesanpedro.com.ar\/sitio\/wp-json\/wp\/v2\/categories?post=45393"},{"taxonomy":"post_tag","embeddable":true,"href":"https:\/\/eldiariodesanpedro.com.ar\/sitio\/wp-json\/wp\/v2\/tags?post=45393"}],"curies":[{"name":"wp","href":"https:\/\/api.w.org\/{rel}","templated":true}]}}