{"id":45387,"date":"2019-01-04T10:06:56","date_gmt":"2019-01-04T13:06:56","guid":{"rendered":"https:\/\/eldiariodesanpedro.com.ar\/sitio\/?p=45387"},"modified":"2019-01-04T13:03:04","modified_gmt":"2019-01-04T16:03:04","slug":"joven-embarazada-involucrada-en-accidente-de-transito","status":"publish","type":"post","link":"https:\/\/eldiariodesanpedro.com.ar\/sitio\/joven-embarazada-involucrada-en-accidente-de-transito\/","title":{"rendered":"Joven embarazada involucrada en accidente de tr\u00e1nsito"},"content":{"rendered":"<!-- VideographyWP Plugin Message: Automatic video embedding prevented by plugin options. -->\n\n<p>  Como es habitual ocurri\u00f3 un accidente de tr\u00e1nsito en la que se ve involucrado una motocicleta, en esta oportunidad una de los ocupantes  se encuentra transcurriendo un embarazo.<\/p>\n\n\n\n<p>En los primeros minutos de este viernes , alrededor de las  00.20 hs se produjo un siniestro vial en intersecci\u00f3n calle Pellegrini y Las Heras de ciudad donde por causas tratase de establecer colision\u00f3 una motocicleta Guerrero 70 cc color negra en guiada por un joven de 17 a\u00f1os acompa\u00f1ado por su pareja de 16 a\u00f1os, quienes impactaron contra una camioneta Chevrolet S10 blanca conducida por ciudadano de 34 a\u00f1os. <\/p>\n\n\n\n<p>Como consecuencia fueron trasladados los ocupantes del rodado menor hasta nosocomio local, donde m\u00e9dico de guardia dictamina escoriaciones en ambos, lesiones de car\u00e1cter leves, obteniendo el alta m\u00e9dica el masculino a la brevedad, en cuanto a femenina permanece en observaci\u00f3n zona maternidad por control de embarazo (sin riesgo). <\/p>\n\n\n\n<p>Investiga UFI Joven San Nicolas, tomando intervenci\u00f3n Juzgado de Faltas local secuestrando la motocicleta por falta de papeles obligatorios.<\/p>\n","protected":false},"excerpt":{"rendered":"<p>Como es habitual ocurri\u00f3 un accidente de tr\u00e1nsito en la que se ve involucrado una motocicleta, en esta oportunidad una de los ocupantes se encuentra transcurriendo un embarazo. En los primeros minutos de este viernes , alrededor de las 00.20 hs se produjo un siniestro vial en intersecci\u00f3n calle Pellegrini y Las Heras de ciudad [&hellip;]<\/p>\n","protected":false},"author":4,"featured_media":25808,"comment_status":"open","ping_status":"closed","sticky":false,"template":"","format":"standard","meta":{"om_disable_all_campaigns":false,"_jetpack_memberships_contains_paid_content":false,"footnotes":""},"categories":[50,2,103],"tags":[],"class_list":["post-45387","post","type-post","status-publish","format-standard","has-post-thumbnail","hentry","category-destacadas","category-locales","category-policiales-locales"],"aioseo_notices":[],"gutentor_comment":0,"jetpack_featured_media_url":"https:\/\/eldiariodesanpedro.com.ar\/sitio\/wp-content\/uploads\/2017\/11\/Los-accidentados-fueron-derivados-a-la-Guardia.jpg","jetpack_shortlink":"https:\/\/wp.me\/p6RhLt-bO3","jetpack_sharing_enabled":true,"_links":{"self":[{"href":"https:\/\/eldiariodesanpedro.com.ar\/sitio\/wp-json\/wp\/v2\/posts\/45387","targetHints":{"allow":["GET"]}}],"collection":[{"href":"https:\/\/eldiariodesanpedro.com.ar\/sitio\/wp-json\/wp\/v2\/posts"}],"about":[{"href":"https:\/\/eldiariodesanpedro.com.ar\/sitio\/wp-json\/wp\/v2\/types\/post"}],"author":[{"embeddable":true,"href":"https:\/\/eldiariodesanpedro.com.ar\/sitio\/wp-json\/wp\/v2\/users\/4"}],"replies":[{"embeddable":true,"href":"https:\/\/eldiariodesanpedro.com.ar\/sitio\/wp-json\/wp\/v2\/comments?post=45387"}],"version-history":[{"count":1,"href":"https:\/\/eldiariodesanpedro.com.ar\/sitio\/wp-json\/wp\/v2\/posts\/45387\/revisions"}],"predecessor-version":[{"id":45390,"href":"https:\/\/eldiariodesanpedro.com.ar\/sitio\/wp-json\/wp\/v2\/posts\/45387\/revisions\/45390"}],"wp:featuredmedia":[{"embeddable":true,"href":"https:\/\/eldiariodesanpedro.com.ar\/sitio\/wp-json\/wp\/v2\/media\/25808"}],"wp:attachment":[{"href":"https:\/\/eldiariodesanpedro.com.ar\/sitio\/wp-json\/wp\/v2\/media?parent=45387"}],"wp:term":[{"taxonomy":"category","embeddable":true,"href":"https:\/\/eldiariodesanpedro.com.ar\/sitio\/wp-json\/wp\/v2\/categories?post=45387"},{"taxonomy":"post_tag","embeddable":true,"href":"https:\/\/eldiariodesanpedro.com.ar\/sitio\/wp-json\/wp\/v2\/tags?post=45387"}],"curies":[{"name":"wp","href":"https:\/\/api.w.org\/{rel}","templated":true}]}}