{"id":45382,"date":"2019-01-04T09:41:08","date_gmt":"2019-01-04T12:41:08","guid":{"rendered":"https:\/\/eldiariodesanpedro.com.ar\/sitio\/?p=45382"},"modified":"2019-01-04T09:41:12","modified_gmt":"2019-01-04T12:41:12","slug":"delincuentes-robaron-en-zona-rural-y-en-un-comercio-de-nuestra-ciudad","status":"publish","type":"post","link":"https:\/\/eldiariodesanpedro.com.ar\/sitio\/delincuentes-robaron-en-zona-rural-y-en-un-comercio-de-nuestra-ciudad\/","title":{"rendered":"Delincuentes robaron en zona rural y en un comercio de nuestra ciudad"},"content":{"rendered":"<!-- VideographyWP Plugin Message: Automatic video embedding prevented by plugin options. -->\n\n<p>Dos hechos delictivos ocurrieron este jueves en nuestra ciudad que fueron denunciados en la comisar\u00eda local, por lo que ya est\u00e1n siendo investigado por la fiscalia de turno para su resoluci\u00f3n  <\/p>\n\n\n\n<p>En horas de la ma\u00f1ana alrededor de las 09.20 hs se recibi\u00f3 la denuncia de un masculino de 55 a\u00f1os, que durante horas de la madrugada mismo dia 04 hs, fue alertado por sistema de alarma de activaci\u00f3n vivienda camino al aeroclub zona rural, donde constat\u00f3 que ignorados previo violentar abertura ingresaran a galp\u00f3n y sustraen elementos de mantenimiento de parque, herramientas de mano. <\/p>\n\n\n\n<p> Tambi\u00e9n radic\u00f3 otra denuncia una ciudadana de 34 a\u00f1os quien declara que el pasado 02 de enero tom\u00f3 conocimiento por parte de su pareja del faltante de arma de fuego a su nombre, cual se hallaba interior su comercio ubicado en Av. 11 de Septiembre al 1200, no advirtiendo el momento del hecho, y no constatando da\u00f1os ni otros faltantes. <\/p>\n\n\n\n<p><\/p>\n","protected":false},"excerpt":{"rendered":"<p>Dos hechos delictivos ocurrieron este jueves en nuestra ciudad que fueron denunciados en la comisar\u00eda local, por lo que ya est\u00e1n siendo investigado por la fiscalia de turno para su resoluci\u00f3n En horas de la ma\u00f1ana alrededor de las 09.20 hs se recibi\u00f3 la denuncia de un masculino de 55 a\u00f1os, que durante horas de [&hellip;]<\/p>\n","protected":false},"author":4,"featured_media":13372,"comment_status":"open","ping_status":"closed","sticky":false,"template":"","format":"standard","meta":{"om_disable_all_campaigns":false,"_jetpack_memberships_contains_paid_content":false,"footnotes":""},"categories":[2,103],"tags":[],"class_list":["post-45382","post","type-post","status-publish","format-standard","has-post-thumbnail","hentry","category-locales","category-policiales-locales"],"aioseo_notices":[],"gutentor_comment":0,"jetpack_featured_media_url":"https:\/\/eldiariodesanpedro.com.ar\/sitio\/wp-content\/uploads\/2017\/01\/Patrulla-4-e1485286120389.jpg","jetpack_shortlink":"https:\/\/wp.me\/p6RhLt-bNY","jetpack_sharing_enabled":true,"_links":{"self":[{"href":"https:\/\/eldiariodesanpedro.com.ar\/sitio\/wp-json\/wp\/v2\/posts\/45382","targetHints":{"allow":["GET"]}}],"collection":[{"href":"https:\/\/eldiariodesanpedro.com.ar\/sitio\/wp-json\/wp\/v2\/posts"}],"about":[{"href":"https:\/\/eldiariodesanpedro.com.ar\/sitio\/wp-json\/wp\/v2\/types\/post"}],"author":[{"embeddable":true,"href":"https:\/\/eldiariodesanpedro.com.ar\/sitio\/wp-json\/wp\/v2\/users\/4"}],"replies":[{"embeddable":true,"href":"https:\/\/eldiariodesanpedro.com.ar\/sitio\/wp-json\/wp\/v2\/comments?post=45382"}],"version-history":[{"count":1,"href":"https:\/\/eldiariodesanpedro.com.ar\/sitio\/wp-json\/wp\/v2\/posts\/45382\/revisions"}],"predecessor-version":[{"id":45383,"href":"https:\/\/eldiariodesanpedro.com.ar\/sitio\/wp-json\/wp\/v2\/posts\/45382\/revisions\/45383"}],"wp:featuredmedia":[{"embeddable":true,"href":"https:\/\/eldiariodesanpedro.com.ar\/sitio\/wp-json\/wp\/v2\/media\/13372"}],"wp:attachment":[{"href":"https:\/\/eldiariodesanpedro.com.ar\/sitio\/wp-json\/wp\/v2\/media?parent=45382"}],"wp:term":[{"taxonomy":"category","embeddable":true,"href":"https:\/\/eldiariodesanpedro.com.ar\/sitio\/wp-json\/wp\/v2\/categories?post=45382"},{"taxonomy":"post_tag","embeddable":true,"href":"https:\/\/eldiariodesanpedro.com.ar\/sitio\/wp-json\/wp\/v2\/tags?post=45382"}],"curies":[{"name":"wp","href":"https:\/\/api.w.org\/{rel}","templated":true}]}}