{"id":45370,"date":"2019-01-04T09:32:38","date_gmt":"2019-01-04T12:32:38","guid":{"rendered":"https:\/\/eldiariodesanpedro.com.ar\/sitio\/?p=45370"},"modified":"2019-01-04T09:32:44","modified_gmt":"2019-01-04T12:32:44","slug":"una-aprehension-por-paradero-activo","status":"publish","type":"post","link":"https:\/\/eldiariodesanpedro.com.ar\/sitio\/una-aprehension-por-paradero-activo\/","title":{"rendered":"Una aprehensi\u00f3n por paradero activo"},"content":{"rendered":"<!-- VideographyWP Plugin Message: Automatic video embedding prevented by plugin options. -->\n\n<p>Este jueves la polic\u00eda de nuestra ciudad en el marco de operativo de interceptaci\u00f3n realizado alrededor de las 17.30 hs en Combate de Obligado al 2400 procedi\u00f3 a la aprehensi\u00f3n de un masculino de 33 a\u00f1os quien registra PEDIDO DE PARADERO ACTIVO.<\/p>\n\n\n\n<p>El mismo solicitado  por el Juzgado Correccional N\u00b0 1 del Departamento Judicial de San Nicolas por rebeld\u00eda judicial. Se cumplieron recaudos legales, y posteriormente recuper\u00f3 la libertad.<\/p>\n","protected":false},"excerpt":{"rendered":"<p>Este jueves la polic\u00eda de nuestra ciudad en el marco de operativo de interceptaci\u00f3n realizado alrededor de las 17.30 hs en Combate de Obligado al 2400 procedi\u00f3 a la aprehensi\u00f3n de un masculino de 33 a\u00f1os quien registra PEDIDO DE PARADERO ACTIVO. El mismo solicitado por el Juzgado Correccional N\u00b0 1 del Departamento Judicial de [&hellip;]<\/p>\n","protected":false},"author":4,"featured_media":1378,"comment_status":"open","ping_status":"closed","sticky":false,"template":"","format":"standard","meta":{"om_disable_all_campaigns":false,"_jetpack_memberships_contains_paid_content":false,"footnotes":""},"categories":[2,103],"tags":[],"class_list":["post-45370","post","type-post","status-publish","format-standard","has-post-thumbnail","hentry","category-locales","category-policiales-locales"],"aioseo_notices":[],"gutentor_comment":0,"jetpack_featured_media_url":"https:\/\/eldiariodesanpedro.com.ar\/sitio\/wp-content\/uploads\/2015\/12\/detenido-esposado-620x413.jpg","jetpack_shortlink":"https:\/\/wp.me\/p6RhLt-bNM","jetpack_sharing_enabled":true,"_links":{"self":[{"href":"https:\/\/eldiariodesanpedro.com.ar\/sitio\/wp-json\/wp\/v2\/posts\/45370","targetHints":{"allow":["GET"]}}],"collection":[{"href":"https:\/\/eldiariodesanpedro.com.ar\/sitio\/wp-json\/wp\/v2\/posts"}],"about":[{"href":"https:\/\/eldiariodesanpedro.com.ar\/sitio\/wp-json\/wp\/v2\/types\/post"}],"author":[{"embeddable":true,"href":"https:\/\/eldiariodesanpedro.com.ar\/sitio\/wp-json\/wp\/v2\/users\/4"}],"replies":[{"embeddable":true,"href":"https:\/\/eldiariodesanpedro.com.ar\/sitio\/wp-json\/wp\/v2\/comments?post=45370"}],"version-history":[{"count":1,"href":"https:\/\/eldiariodesanpedro.com.ar\/sitio\/wp-json\/wp\/v2\/posts\/45370\/revisions"}],"predecessor-version":[{"id":45381,"href":"https:\/\/eldiariodesanpedro.com.ar\/sitio\/wp-json\/wp\/v2\/posts\/45370\/revisions\/45381"}],"wp:featuredmedia":[{"embeddable":true,"href":"https:\/\/eldiariodesanpedro.com.ar\/sitio\/wp-json\/wp\/v2\/media\/1378"}],"wp:attachment":[{"href":"https:\/\/eldiariodesanpedro.com.ar\/sitio\/wp-json\/wp\/v2\/media?parent=45370"}],"wp:term":[{"taxonomy":"category","embeddable":true,"href":"https:\/\/eldiariodesanpedro.com.ar\/sitio\/wp-json\/wp\/v2\/categories?post=45370"},{"taxonomy":"post_tag","embeddable":true,"href":"https:\/\/eldiariodesanpedro.com.ar\/sitio\/wp-json\/wp\/v2\/tags?post=45370"}],"curies":[{"name":"wp","href":"https:\/\/api.w.org\/{rel}","templated":true}]}}