{"id":45357,"date":"2019-01-03T19:28:11","date_gmt":"2019-01-03T22:28:11","guid":{"rendered":"https:\/\/eldiariodesanpedro.com.ar\/sitio\/?p=45357"},"modified":"2019-01-03T19:28:20","modified_gmt":"2019-01-03T22:28:20","slug":"denuncias-de-amenazas-y-hurto-de-una-motocicleta","status":"publish","type":"post","link":"https:\/\/eldiariodesanpedro.com.ar\/sitio\/denuncias-de-amenazas-y-hurto-de-una-motocicleta\/","title":{"rendered":"Denuncias de amenazas y hurto de una motocicleta"},"content":{"rendered":"<!-- VideographyWP Plugin Message: Automatic video embedding prevented by plugin options. -->\n\n<p>El parte policial enviado desde la comisar\u00eda de nuestra ciudad inform\u00f3 de varios hechos delictivos entre ellos una denuncia por amenazas y una otra por hurto.<\/p>\n\n\n\n<p>Este mi\u00e9rcoles alrededor de las  10:30 horas,  se recibi\u00f3 la denuncia telef\u00f3nica al 911 donde  un joven ciudadano de 18 a\u00f1os, que en Balcarce y Hermano Indio, es interceptado por cinco masculinos los cuales uno de ellos lo amenaza para luego golpearlo en el rostro.<\/p>\n\n\n\n<p>El mismo dia pero m\u00e1s temprano se recibi\u00f3 una denuncia por la ma\u00f1ana  alrededor de las 10:00 hs,  realizada por un masculino de 45 a\u00f1os, que en calle Anibal de Anton e Irigoyen, le sustraen su moto la que se encontraba estacionada.<\/p>\n\n\n\n<p>En ambos casos interviene en la investigaci\u00f3n la fiscalia de turno de nuestra ciudad <\/p>\n\n\n\n<p><\/p>\n\n\n\n<p><\/p>\n","protected":false},"excerpt":{"rendered":"<p>El parte policial enviado desde la comisar\u00eda de nuestra ciudad inform\u00f3 de varios hechos delictivos entre ellos una denuncia por amenazas y una otra por hurto. Este mi\u00e9rcoles alrededor de las 10:30 horas, se recibi\u00f3 la denuncia telef\u00f3nica al 911 donde un joven ciudadano de 18 a\u00f1os, que en Balcarce y Hermano Indio, es interceptado [&hellip;]<\/p>\n","protected":false},"author":4,"featured_media":16989,"comment_status":"open","ping_status":"closed","sticky":false,"template":"","format":"standard","meta":{"om_disable_all_campaigns":false,"_jetpack_memberships_contains_paid_content":false,"footnotes":""},"categories":[2,103],"tags":[],"class_list":["post-45357","post","type-post","status-publish","format-standard","has-post-thumbnail","hentry","category-locales","category-policiales-locales"],"aioseo_notices":[],"gutentor_comment":0,"jetpack_featured_media_url":"https:\/\/eldiariodesanpedro.com.ar\/sitio\/wp-content\/uploads\/2017\/04\/DSC_0221-e1492514769862.jpg","jetpack_shortlink":"https:\/\/wp.me\/p6RhLt-bNz","jetpack_sharing_enabled":true,"_links":{"self":[{"href":"https:\/\/eldiariodesanpedro.com.ar\/sitio\/wp-json\/wp\/v2\/posts\/45357","targetHints":{"allow":["GET"]}}],"collection":[{"href":"https:\/\/eldiariodesanpedro.com.ar\/sitio\/wp-json\/wp\/v2\/posts"}],"about":[{"href":"https:\/\/eldiariodesanpedro.com.ar\/sitio\/wp-json\/wp\/v2\/types\/post"}],"author":[{"embeddable":true,"href":"https:\/\/eldiariodesanpedro.com.ar\/sitio\/wp-json\/wp\/v2\/users\/4"}],"replies":[{"embeddable":true,"href":"https:\/\/eldiariodesanpedro.com.ar\/sitio\/wp-json\/wp\/v2\/comments?post=45357"}],"version-history":[{"count":1,"href":"https:\/\/eldiariodesanpedro.com.ar\/sitio\/wp-json\/wp\/v2\/posts\/45357\/revisions"}],"predecessor-version":[{"id":45358,"href":"https:\/\/eldiariodesanpedro.com.ar\/sitio\/wp-json\/wp\/v2\/posts\/45357\/revisions\/45358"}],"wp:featuredmedia":[{"embeddable":true,"href":"https:\/\/eldiariodesanpedro.com.ar\/sitio\/wp-json\/wp\/v2\/media\/16989"}],"wp:attachment":[{"href":"https:\/\/eldiariodesanpedro.com.ar\/sitio\/wp-json\/wp\/v2\/media?parent=45357"}],"wp:term":[{"taxonomy":"category","embeddable":true,"href":"https:\/\/eldiariodesanpedro.com.ar\/sitio\/wp-json\/wp\/v2\/categories?post=45357"},{"taxonomy":"post_tag","embeddable":true,"href":"https:\/\/eldiariodesanpedro.com.ar\/sitio\/wp-json\/wp\/v2\/tags?post=45357"}],"curies":[{"name":"wp","href":"https:\/\/api.w.org\/{rel}","templated":true}]}}