{"id":45355,"date":"2019-01-03T19:07:58","date_gmt":"2019-01-03T22:07:58","guid":{"rendered":"https:\/\/eldiariodesanpedro.com.ar\/sitio\/?p=45355"},"modified":"2019-01-03T19:08:04","modified_gmt":"2019-01-03T22:08:04","slug":"se-clausuraron-dos-talleres-mecanicos-por-falta-de-habilitacion","status":"publish","type":"post","link":"https:\/\/eldiariodesanpedro.com.ar\/sitio\/se-clausuraron-dos-talleres-mecanicos-por-falta-de-habilitacion\/","title":{"rendered":"Se clausuraron dos talleres mec\u00e1nicos por falta de habilitaci\u00f3n"},"content":{"rendered":"<!-- VideographyWP Plugin Message: Automatic video embedding prevented by plugin options. -->\n\n<p>Este mi\u00e9rcoles por la tarde el personal de Inspecci\u00f3n General con el apoyo de m\u00f3viles policiales de la comisar\u00eda de nuestra ciudad  realizaron controles en varios talleres mec\u00e1nicos obteniendo dos clausuras por diferentes motivos. <\/p>\n\n\n\n<p>El primero se realiz\u00f3 a las 16:30 hs con la presencia del gabinete criminol\u00f3gico, procedi\u00f3 a la inspecci\u00f3n de taller, de raz\u00f3n social \u201cChapa y Pintura C\u00f3rdoba\u201d ubicado en calle Combate de Obligado al 1200, constatando el faltante del libro de control correspondiente, como as\u00ed de la habilitaci\u00f3n municipal, procediendo a labrar acta de infracci\u00f3n a Ley 13081 y a la clausura del mismo con intervenci\u00f3n del Juzgado de Paz local.<\/p>\n\n\n\n<p>Momentos m\u00e1s tarde pasadas las 18 hs se procedi\u00f3 a la inspecci\u00f3n de otro taller, calle Esqui\u00fa 50, constatando diferentes infracciones a la Ley 13081 procedi\u00e9ndose a la clausura del comercio con intervenci\u00f3n de Juzgado local.<\/p>\n","protected":false},"excerpt":{"rendered":"<p>Este mi\u00e9rcoles por la tarde el personal de Inspecci\u00f3n General con el apoyo de m\u00f3viles policiales de la comisar\u00eda de nuestra ciudad realizaron controles en varios talleres mec\u00e1nicos obteniendo dos clausuras por diferentes motivos. El primero se realiz\u00f3 a las 16:30 hs con la presencia del gabinete criminol\u00f3gico, procedi\u00f3 a la inspecci\u00f3n de taller, de [&hellip;]<\/p>\n","protected":false},"author":4,"featured_media":5682,"comment_status":"open","ping_status":"closed","sticky":false,"template":"","format":"standard","meta":{"om_disable_all_campaigns":false,"_jetpack_memberships_contains_paid_content":false,"footnotes":""},"categories":[2,103],"tags":[],"class_list":["post-45355","post","type-post","status-publish","format-standard","has-post-thumbnail","hentry","category-locales","category-policiales-locales"],"aioseo_notices":[],"gutentor_comment":0,"jetpack_featured_media_url":"https:\/\/eldiariodesanpedro.com.ar\/sitio\/wp-content\/uploads\/2016\/07\/Clausurado.jpg","jetpack_shortlink":"https:\/\/wp.me\/p6RhLt-bNx","jetpack_sharing_enabled":true,"_links":{"self":[{"href":"https:\/\/eldiariodesanpedro.com.ar\/sitio\/wp-json\/wp\/v2\/posts\/45355","targetHints":{"allow":["GET"]}}],"collection":[{"href":"https:\/\/eldiariodesanpedro.com.ar\/sitio\/wp-json\/wp\/v2\/posts"}],"about":[{"href":"https:\/\/eldiariodesanpedro.com.ar\/sitio\/wp-json\/wp\/v2\/types\/post"}],"author":[{"embeddable":true,"href":"https:\/\/eldiariodesanpedro.com.ar\/sitio\/wp-json\/wp\/v2\/users\/4"}],"replies":[{"embeddable":true,"href":"https:\/\/eldiariodesanpedro.com.ar\/sitio\/wp-json\/wp\/v2\/comments?post=45355"}],"version-history":[{"count":1,"href":"https:\/\/eldiariodesanpedro.com.ar\/sitio\/wp-json\/wp\/v2\/posts\/45355\/revisions"}],"predecessor-version":[{"id":45356,"href":"https:\/\/eldiariodesanpedro.com.ar\/sitio\/wp-json\/wp\/v2\/posts\/45355\/revisions\/45356"}],"wp:featuredmedia":[{"embeddable":true,"href":"https:\/\/eldiariodesanpedro.com.ar\/sitio\/wp-json\/wp\/v2\/media\/5682"}],"wp:attachment":[{"href":"https:\/\/eldiariodesanpedro.com.ar\/sitio\/wp-json\/wp\/v2\/media?parent=45355"}],"wp:term":[{"taxonomy":"category","embeddable":true,"href":"https:\/\/eldiariodesanpedro.com.ar\/sitio\/wp-json\/wp\/v2\/categories?post=45355"},{"taxonomy":"post_tag","embeddable":true,"href":"https:\/\/eldiariodesanpedro.com.ar\/sitio\/wp-json\/wp\/v2\/tags?post=45355"}],"curies":[{"name":"wp","href":"https:\/\/api.w.org\/{rel}","templated":true}]}}