{"id":45353,"date":"2019-01-03T18:52:50","date_gmt":"2019-01-03T21:52:50","guid":{"rendered":"https:\/\/eldiariodesanpedro.com.ar\/sitio\/?p=45353"},"modified":"2019-01-03T18:52:55","modified_gmt":"2019-01-03T21:52:55","slug":"se-realizaron-tres-allanamientos-en-diferentes-puntos-de-la-ciudad","status":"publish","type":"post","link":"https:\/\/eldiariodesanpedro.com.ar\/sitio\/se-realizaron-tres-allanamientos-en-diferentes-puntos-de-la-ciudad\/","title":{"rendered":"Se realizaron tres allanamientos en diferentes puntos de la ciudad"},"content":{"rendered":"<!-- VideographyWP Plugin Message: Automatic video embedding prevented by plugin options. -->\n\n<p>El pasado mi\u00e9rcoles la polic\u00eda de nuestra ciudad tras arduas tareas de investigaci\u00f3n realiz\u00f3 3 allanamientos en diferentes puntos de nuestra ciudad con el fin de esclarecimiento de hechos delictivos ocurridos d\u00edas anteriores.<\/p>\n\n\n\n<p>El mismo d\u00eda alrededor de las 13.10 hs el personal de la comisar\u00eda diligenciar orden allanamiento en domicilio Pav\u00f3n al 1800, secuestrando escopeta calibre 16, aprehensi\u00f3n morador e imputado masculino de 44 a\u00f1os, alojado en seccional. <\/p>\n\n\n\n<p>Este mi\u00e9rcoles alrededor de las 15:00 horas los efectivos se dirigieron a calle D\u00e1vila altura 300, secuestrando telefon\u00eda celular. aprehensi\u00f3n morador de 25 a\u00f1os, quien obtuvo su posterior libertad. El hecho por lo que se realiz\u00f3 allanamiento resultaba ser un robo. <\/p>\n\n\n\n<p>Como primera diligencia se realiz\u00f3 alrededor de las 15:30 horas donde con una orden de allanamiento se presentaron oficiales de nuestra ciudad en calle 25 de Mayo al 1400, secuestrando una cocina, un mueble con seis cajones y un modular para televisor, no encontr\u00e1ndose los ocupantes de la casa al momento de diligenciamiento. El hecho que se investiga fue un hurto ocurrido d\u00edas pasados.<\/p>\n\n\n\n<p>En todos los allanamientos interviene, ordena e investiga la fiscalia de turno de nuestra ciudad.<\/p>\n","protected":false},"excerpt":{"rendered":"<p>El pasado mi\u00e9rcoles la polic\u00eda de nuestra ciudad tras arduas tareas de investigaci\u00f3n realiz\u00f3 3 allanamientos en diferentes puntos de nuestra ciudad con el fin de esclarecimiento de hechos delictivos ocurridos d\u00edas anteriores. El mismo d\u00eda alrededor de las 13.10 hs el personal de la comisar\u00eda diligenciar orden allanamiento en domicilio Pav\u00f3n al 1800, secuestrando [&hellip;]<\/p>\n","protected":false},"author":4,"featured_media":8129,"comment_status":"open","ping_status":"closed","sticky":false,"template":"","format":"standard","meta":{"om_disable_all_campaigns":false,"_jetpack_memberships_contains_paid_content":false,"footnotes":""},"categories":[2,103],"tags":[],"class_list":["post-45353","post","type-post","status-publish","format-standard","has-post-thumbnail","hentry","category-locales","category-policiales-locales"],"aioseo_notices":[],"gutentor_comment":0,"jetpack_featured_media_url":"https:\/\/eldiariodesanpedro.com.ar\/sitio\/wp-content\/uploads\/2016\/09\/allanamientos-01.jpg","jetpack_shortlink":"https:\/\/wp.me\/p6RhLt-bNv","jetpack_sharing_enabled":true,"_links":{"self":[{"href":"https:\/\/eldiariodesanpedro.com.ar\/sitio\/wp-json\/wp\/v2\/posts\/45353","targetHints":{"allow":["GET"]}}],"collection":[{"href":"https:\/\/eldiariodesanpedro.com.ar\/sitio\/wp-json\/wp\/v2\/posts"}],"about":[{"href":"https:\/\/eldiariodesanpedro.com.ar\/sitio\/wp-json\/wp\/v2\/types\/post"}],"author":[{"embeddable":true,"href":"https:\/\/eldiariodesanpedro.com.ar\/sitio\/wp-json\/wp\/v2\/users\/4"}],"replies":[{"embeddable":true,"href":"https:\/\/eldiariodesanpedro.com.ar\/sitio\/wp-json\/wp\/v2\/comments?post=45353"}],"version-history":[{"count":1,"href":"https:\/\/eldiariodesanpedro.com.ar\/sitio\/wp-json\/wp\/v2\/posts\/45353\/revisions"}],"predecessor-version":[{"id":45354,"href":"https:\/\/eldiariodesanpedro.com.ar\/sitio\/wp-json\/wp\/v2\/posts\/45353\/revisions\/45354"}],"wp:featuredmedia":[{"embeddable":true,"href":"https:\/\/eldiariodesanpedro.com.ar\/sitio\/wp-json\/wp\/v2\/media\/8129"}],"wp:attachment":[{"href":"https:\/\/eldiariodesanpedro.com.ar\/sitio\/wp-json\/wp\/v2\/media?parent=45353"}],"wp:term":[{"taxonomy":"category","embeddable":true,"href":"https:\/\/eldiariodesanpedro.com.ar\/sitio\/wp-json\/wp\/v2\/categories?post=45353"},{"taxonomy":"post_tag","embeddable":true,"href":"https:\/\/eldiariodesanpedro.com.ar\/sitio\/wp-json\/wp\/v2\/tags?post=45353"}],"curies":[{"name":"wp","href":"https:\/\/api.w.org\/{rel}","templated":true}]}}