{"id":45332,"date":"2019-01-03T12:43:18","date_gmt":"2019-01-03T15:43:18","guid":{"rendered":"https:\/\/eldiariodesanpedro.com.ar\/sitio\/?p=45332"},"modified":"2019-01-03T12:43:29","modified_gmt":"2019-01-03T15:43:29","slug":"el-hospital-avanza-hacia-un-incremento-de-su-auto-sustentabilidad-economica","status":"publish","type":"post","link":"https:\/\/eldiariodesanpedro.com.ar\/sitio\/el-hospital-avanza-hacia-un-incremento-de-su-auto-sustentabilidad-economica\/","title":{"rendered":"El Hospital avanza hacia un incremento de su auto sustentabilidad econ\u00f3mica"},"content":{"rendered":"<!-- VideographyWP Plugin Message: Automatic video embedding prevented by plugin options. -->\n\n<p>\n\nEn un informe presentado desde la Administraci\u00f3n del Hospital a cargo del Contador Silvio Jaime, se relev\u00f3 la situaci\u00f3n general del Hospital Emilio Ruffa a partir de los cambios implementados para optimizar los recursos con los que el nosocomio responde a la fuerte demanda que se recibe desde todos los sectores de la comunidad sampedrina.&nbsp;<\/p>\n\n\n\n<p>En sinton\u00eda con la pol\u00edtica implementada desde la Secretar\u00eda de Salud y la Direcci\u00f3n del Hospital durante la actual gesti\u00f3n, se comenz\u00f3 a revisar el funcionamiento evaluando las principales debilidades advertidas entre las cuales se destacaban la necesidad de reordenar el trabajo distribuyendo mejor las tareas, controlando su ejecuci\u00f3n y revalorizando los recursos humanos existentes.<\/p>\n\n\n\n<p>En el Departamento de Compras se implement\u00f3 una reestructuraci\u00f3n del equipo de trabajo para controlar mejor el gasto interno y externo, captar nuevos proveedores y as\u00ed generar nuevas opciones m\u00e1s competitivas. Esto, acompa\u00f1ando de un uso racional de los recursos gener\u00f3 resultados evidentes en m\u00faltiples indicadores que disminuyeron su gasto de manera notable.<\/p>\n\n\n\n<p>En otro plano se duplicaron los esfuerzos para acercar a las arcas p\u00fablicas el ingreso por facturaci\u00f3n correspondiente a la cantidad de prestaciones que se realizan desde la salud p\u00fablica y que pueden ser afrontadas por obras sociales y prepagas de quienes son atendidos.&nbsp;<\/p>\n\n\n\n<p>El Departamento de Facturaci\u00f3n por el que pasa esta responsabilidad mejor\u00f3 sus recursos inform\u00e1ticos con la colaboraci\u00f3n de la Direcci\u00f3n de la Modernizaci\u00f3n, y fue objeto de acciones de capacitaci\u00f3n y ordenamiento para mejorar su funcionamiento y rendimiento.&nbsp;<\/p>\n\n\n\n<p>Los resultados permitieron ingresar m\u00e1s de 60 millones de pesos provenientes de estas gestiones aliviando la inversi\u00f3n que la Municipalidad realiza en este tema, liberando as\u00ed recursos para otro tipo de inversiones o mejoras.&nbsp;<\/p>\n\n\n\n<p>Para la administraci\u00f3n del Hospital constituye un logro muy destacable sobre el que se seguir\u00e1 trabajando en el 2019.&nbsp;<\/p>\n\n\n\n<p>Las brechas entre los gastos en insumos, lo facturado y lo cobrado se ajustaron considerablemente consolidando una tendencia hacia el autofinanciamiento como objetivo a conseguir.<\/p>\n\n\n\n<p>Para lograrlo ser\u00e1 muy importante continuar trabajando en equipo con todas las \u00e1reas que componen el Hospital. Optimizar el actual sistema de gesti\u00f3n, continuar con el proceso de reasignaci\u00f3n de recursos humanos para cubrir toda la jornada laboral y fortalecer la relaci\u00f3n con todos los empleados para que vean recompensado su esfuerzo en la cristalizaci\u00f3n de estos objetivos.<\/p>\n\n\n\n<p>Ya se trabaja para centralizar las compras de medicamentos y descartables de todo el sistema de salud, crear un equipo ampliado de facturaci\u00f3n y seguir modernizando las estructuras administrativas del Hospital de todos los sampedrinos.<\/p>\n\n\n\n<p>(Se adjuntan pantallas con datos de gastos, facturaci\u00f3n y otros indicadores de inter\u00e9s) <\/p>\n\n\n\n<div class=\"wp-block-image\"><figure class=\"aligncenter\"><img decoding=\"async\" width=\"937\" height=\"1024\" data-attachment-id=\"45334\" data-permalink=\"https:\/\/eldiariodesanpedro.com.ar\/sitio\/el-hospital-avanza-hacia-un-incremento-de-su-auto-sustentabilidad-economica\/pantalla\/\" data-orig-file=\"https:\/\/eldiariodesanpedro.com.ar\/sitio\/wp-content\/uploads\/2019\/01\/PANTALLA.jpg\" data-orig-size=\"1171,1280\" data-comments-opened=\"1\" data-image-meta=\"{&quot;aperture&quot;:&quot;0&quot;,&quot;credit&quot;:&quot;&quot;,&quot;camera&quot;:&quot;&quot;,&quot;caption&quot;:&quot;&quot;,&quot;created_timestamp&quot;:&quot;0&quot;,&quot;copyright&quot;:&quot;&quot;,&quot;focal_length&quot;:&quot;0&quot;,&quot;iso&quot;:&quot;0&quot;,&quot;shutter_speed&quot;:&quot;0&quot;,&quot;title&quot;:&quot;&quot;,&quot;orientation&quot;:&quot;0&quot;}\" data-image-title=\"PANTALLA\" data-image-description=\"\" data-image-caption=\"\" data-large-file=\"https:\/\/eldiariodesanpedro.com.ar\/sitio\/wp-content\/uploads\/2019\/01\/PANTALLA-937x1024.jpg\" data-src=\"https:\/\/eldiariodesanpedro.com.ar\/sitio\/wp-content\/uploads\/2019\/01\/PANTALLA-937x1024.jpg\" alt=\"\" class=\"wp-image-45334 lazyload\" data-srcset=\"https:\/\/eldiariodesanpedro.com.ar\/sitio\/wp-content\/uploads\/2019\/01\/PANTALLA-937x1024.jpg 937w, https:\/\/eldiariodesanpedro.com.ar\/sitio\/wp-content\/uploads\/2019\/01\/PANTALLA-274x300.jpg 274w, https:\/\/eldiariodesanpedro.com.ar\/sitio\/wp-content\/uploads\/2019\/01\/PANTALLA-768x839.jpg 768w, https:\/\/eldiariodesanpedro.com.ar\/sitio\/wp-content\/uploads\/2019\/01\/PANTALLA.jpg 1171w\" data-sizes=\"(max-width: 937px) 100vw, 937px\" src=\"data:image\/svg+xml;base64,PHN2ZyB3aWR0aD0iMSIgaGVpZ2h0PSIxIiB4bWxucz0iaHR0cDovL3d3dy53My5vcmcvMjAwMC9zdmciPjwvc3ZnPg==\" style=\"--smush-placeholder-width: 937px; --smush-placeholder-aspect-ratio: 937\/1024;\" \/><\/figure><\/div>\n","protected":false},"excerpt":{"rendered":"<p>En un informe presentado desde la Administraci\u00f3n del Hospital a cargo del Contador Silvio Jaime, se relev\u00f3 la situaci\u00f3n general del Hospital Emilio Ruffa a partir de los cambios implementados para optimizar los recursos con los que el nosocomio responde a la fuerte demanda que se recibe desde todos los sectores de la comunidad sampedrina.&nbsp; [&hellip;]<\/p>\n","protected":false},"author":4,"featured_media":45333,"comment_status":"open","ping_status":"closed","sticky":false,"template":"","format":"standard","meta":{"om_disable_all_campaigns":false,"_jetpack_memberships_contains_paid_content":false,"footnotes":""},"categories":[101,2],"tags":[],"class_list":["post-45332","post","type-post","status-publish","format-standard","has-post-thumbnail","hentry","category-interes-general-locales","category-locales"],"aioseo_notices":[],"gutentor_comment":0,"jetpack_featured_media_url":"https:\/\/eldiariodesanpedro.com.ar\/sitio\/wp-content\/uploads\/2019\/01\/Emilio-Ruffa.jpg","jetpack_shortlink":"https:\/\/wp.me\/p6RhLt-bNa","jetpack_sharing_enabled":true,"_links":{"self":[{"href":"https:\/\/eldiariodesanpedro.com.ar\/sitio\/wp-json\/wp\/v2\/posts\/45332","targetHints":{"allow":["GET"]}}],"collection":[{"href":"https:\/\/eldiariodesanpedro.com.ar\/sitio\/wp-json\/wp\/v2\/posts"}],"about":[{"href":"https:\/\/eldiariodesanpedro.com.ar\/sitio\/wp-json\/wp\/v2\/types\/post"}],"author":[{"embeddable":true,"href":"https:\/\/eldiariodesanpedro.com.ar\/sitio\/wp-json\/wp\/v2\/users\/4"}],"replies":[{"embeddable":true,"href":"https:\/\/eldiariodesanpedro.com.ar\/sitio\/wp-json\/wp\/v2\/comments?post=45332"}],"version-history":[{"count":1,"href":"https:\/\/eldiariodesanpedro.com.ar\/sitio\/wp-json\/wp\/v2\/posts\/45332\/revisions"}],"predecessor-version":[{"id":45335,"href":"https:\/\/eldiariodesanpedro.com.ar\/sitio\/wp-json\/wp\/v2\/posts\/45332\/revisions\/45335"}],"wp:featuredmedia":[{"embeddable":true,"href":"https:\/\/eldiariodesanpedro.com.ar\/sitio\/wp-json\/wp\/v2\/media\/45333"}],"wp:attachment":[{"href":"https:\/\/eldiariodesanpedro.com.ar\/sitio\/wp-json\/wp\/v2\/media?parent=45332"}],"wp:term":[{"taxonomy":"category","embeddable":true,"href":"https:\/\/eldiariodesanpedro.com.ar\/sitio\/wp-json\/wp\/v2\/categories?post=45332"},{"taxonomy":"post_tag","embeddable":true,"href":"https:\/\/eldiariodesanpedro.com.ar\/sitio\/wp-json\/wp\/v2\/tags?post=45332"}],"curies":[{"name":"wp","href":"https:\/\/api.w.org\/{rel}","templated":true}]}}