{"id":45327,"date":"2019-01-03T11:20:32","date_gmt":"2019-01-03T14:20:32","guid":{"rendered":"https:\/\/eldiariodesanpedro.com.ar\/sitio\/?p=45327"},"modified":"2019-01-03T11:20:42","modified_gmt":"2019-01-03T14:20:42","slug":"campana-descubren-un-paredon-subterraneo-en-los-desagues-de-la-av-rocca","status":"publish","type":"post","link":"https:\/\/eldiariodesanpedro.com.ar\/sitio\/campana-descubren-un-paredon-subterraneo-en-los-desagues-de-la-av-rocca\/","title":{"rendered":"CAMPANA: Descubren un pared\u00f3n subterr\u00e1neo en los desag\u00fces de la Av. Rocca"},"content":{"rendered":"<!-- VideographyWP Plugin Message: Automatic video embedding prevented by plugin options. -->\n\n<p> Tras el fuerte temporal desatado ayer, y que ocasionar\u00e1 inconvenientes en el centro de la ciudad, personal Municipal hall\u00f3 una pared en la parte final de los ca\u00f1os que dan hacia el r\u00edo. Se esperan declaraciones oficiales al respecto.<\/p>\n\n\n\n<p>La Av. Rocca volvi\u00f3 a sufrir una importante acumulaci\u00f3n de agua, especialmente en la cuadra comprendida entre G\u00fcemes y Becerra, a\u00fan tras haberse completado la obra hidr\u00e1ulica realizada por el Municipio.<\/p>\n\n\n\n<p>Aunque el agua acumulada en la calzada dren\u00f3 en apenas algunos minutos, gracias al correcto funcionamiento de las nuevas ca\u00f1er\u00edas, la situaci\u00f3n oblig\u00f3 a una revisi\u00f3n de todo el sector por parte de personal del Municipio, y desat\u00f3 numerosas cr\u00edticas en las redes sociales. Fue entonces cuando se logr\u00f3 hallar una obstrucci\u00f3n en las conexiones de las ca\u00f1er\u00edas que fluyen hacia el rio Paran\u00e1.&nbsp;<\/p>\n\n\n\n<p>Seg\u00fan informaron desde el Municipio, durante la tarde, el intendente Sebasti\u00e1n Abella supervis\u00f3 los trabajos realizados por personal t\u00e9cnico de la Secretar\u00eda de Planeamiento y Obras P\u00fablicas que descubri\u00f3, en la parte final de los ca\u00f1os que van hacia el rio, una pared construida presumiblemente en la d\u00e9cada del 80 que actuaba como un freno al caudal de agua ocasionando el rebalse de las alcantarillas recientemente construidas.<\/p>\n\n\n\n<p>Hasta el momento no hubo declaraciones oficiales al respecto, pero se espera que en el transcurso del d\u00eda funcionarios municipales pongan en conocimiento de la Comunidad la real situaci\u00f3n, y los pasos a seguir.&nbsp;\n\n<\/p>\n","protected":false},"excerpt":{"rendered":"<p>Tras el fuerte temporal desatado ayer, y que ocasionar\u00e1 inconvenientes en el centro de la ciudad, personal Municipal hall\u00f3 una pared en la parte final de los ca\u00f1os que dan hacia el r\u00edo. Se esperan declaraciones oficiales al respecto. La Av. Rocca volvi\u00f3 a sufrir una importante acumulaci\u00f3n de agua, especialmente en la cuadra comprendida [&hellip;]<\/p>\n","protected":false},"author":4,"featured_media":45328,"comment_status":"open","ping_status":"closed","sticky":false,"template":"","format":"standard","meta":{"om_disable_all_campaigns":false,"_jetpack_memberships_contains_paid_content":false,"footnotes":""},"categories":[621],"tags":[],"class_list":["post-45327","post","type-post","status-publish","format-standard","has-post-thumbnail","hentry","category-regionales"],"aioseo_notices":[],"gutentor_comment":0,"jetpack_featured_media_url":"https:\/\/eldiariodesanpedro.com.ar\/sitio\/wp-content\/uploads\/2019\/01\/20190103094515.jpg","jetpack_shortlink":"https:\/\/wp.me\/p6RhLt-bN5","jetpack_sharing_enabled":true,"_links":{"self":[{"href":"https:\/\/eldiariodesanpedro.com.ar\/sitio\/wp-json\/wp\/v2\/posts\/45327","targetHints":{"allow":["GET"]}}],"collection":[{"href":"https:\/\/eldiariodesanpedro.com.ar\/sitio\/wp-json\/wp\/v2\/posts"}],"about":[{"href":"https:\/\/eldiariodesanpedro.com.ar\/sitio\/wp-json\/wp\/v2\/types\/post"}],"author":[{"embeddable":true,"href":"https:\/\/eldiariodesanpedro.com.ar\/sitio\/wp-json\/wp\/v2\/users\/4"}],"replies":[{"embeddable":true,"href":"https:\/\/eldiariodesanpedro.com.ar\/sitio\/wp-json\/wp\/v2\/comments?post=45327"}],"version-history":[{"count":1,"href":"https:\/\/eldiariodesanpedro.com.ar\/sitio\/wp-json\/wp\/v2\/posts\/45327\/revisions"}],"predecessor-version":[{"id":45329,"href":"https:\/\/eldiariodesanpedro.com.ar\/sitio\/wp-json\/wp\/v2\/posts\/45327\/revisions\/45329"}],"wp:featuredmedia":[{"embeddable":true,"href":"https:\/\/eldiariodesanpedro.com.ar\/sitio\/wp-json\/wp\/v2\/media\/45328"}],"wp:attachment":[{"href":"https:\/\/eldiariodesanpedro.com.ar\/sitio\/wp-json\/wp\/v2\/media?parent=45327"}],"wp:term":[{"taxonomy":"category","embeddable":true,"href":"https:\/\/eldiariodesanpedro.com.ar\/sitio\/wp-json\/wp\/v2\/categories?post=45327"},{"taxonomy":"post_tag","embeddable":true,"href":"https:\/\/eldiariodesanpedro.com.ar\/sitio\/wp-json\/wp\/v2\/tags?post=45327"}],"curies":[{"name":"wp","href":"https:\/\/api.w.org\/{rel}","templated":true}]}}