{"id":45307,"date":"2019-01-03T09:49:01","date_gmt":"2019-01-03T12:49:01","guid":{"rendered":"https:\/\/eldiariodesanpedro.com.ar\/sitio\/?p=45307"},"modified":"2019-01-03T09:49:01","modified_gmt":"2019-01-03T12:49:01","slug":"baradero-jorge-el-toro-quevedo-confirmado-para-el-festival-2019","status":"publish","type":"post","link":"https:\/\/eldiariodesanpedro.com.ar\/sitio\/baradero-jorge-el-toro-quevedo-confirmado-para-el-festival-2019\/","title":{"rendered":"BARADERO: Jorge \u2018el toro\u2019 Quevedo confirmado para el Festival 2019"},"content":{"rendered":"<p><!-- VideographyWP Plugin Message: Automatic video embedding prevented by plugin options. --><br \/>\nLa confirmaci\u00f3n proviene de la Secretaria de Cultura, Turismo, Educaci\u00f3n y Deportes, encabezada por Marcos Barlatay. Desde el departamento municipal, confirmaron que la noche en donde actuar\u00e1 Banda XXI, tambi\u00e9n se har\u00e1 presente la m\u00fasica tropical con Jorge \u2018el toro\u2019 Quevedo.<\/p>\n<p>El pr\u00f3ximo viernes, se dar\u00e1 a conocer la grilla completa y los precios de las entradas. Aunque ya de conocen que los artistas principales de esta edici\u00f3n  ser\u00e1n: Jorge Rojas y Luciano Pereyra, sumado a los ya nombrados del rubro tropical.<\/p>\n<p>Fuente: Baradero Hoy (<a href=\"http:\/\/www.baraderohoy.com\">http:\/\/www.baraderohoy.com<\/a>)<\/p>\n","protected":false},"excerpt":{"rendered":"<p>La confirmaci\u00f3n proviene de la Secretaria de Cultura, Turismo, Educaci\u00f3n y Deportes, encabezada por Marcos Barlatay. Desde el departamento municipal, confirmaron que la noche en donde actuar\u00e1 Banda XXI, tambi\u00e9n se har\u00e1 presente la m\u00fasica tropical con Jorge \u2018el toro\u2019 Quevedo. El pr\u00f3ximo viernes, se dar\u00e1 a conocer la grilla completa y los precios de [&hellip;]<\/p>\n","protected":false},"author":4,"featured_media":45308,"comment_status":"open","ping_status":"closed","sticky":false,"template":"","format":"standard","meta":{"om_disable_all_campaigns":false,"_jetpack_memberships_contains_paid_content":false,"footnotes":""},"categories":[621],"tags":[],"class_list":["post-45307","post","type-post","status-publish","format-standard","has-post-thumbnail","hentry","category-regionales"],"aioseo_notices":[],"gutentor_comment":0,"jetpack_featured_media_url":"https:\/\/eldiariodesanpedro.com.ar\/sitio\/wp-content\/uploads\/2019\/01\/FB_IMG_1546451426324.jpg","jetpack_shortlink":"https:\/\/wp.me\/p6RhLt-bML","jetpack_sharing_enabled":true,"_links":{"self":[{"href":"https:\/\/eldiariodesanpedro.com.ar\/sitio\/wp-json\/wp\/v2\/posts\/45307","targetHints":{"allow":["GET"]}}],"collection":[{"href":"https:\/\/eldiariodesanpedro.com.ar\/sitio\/wp-json\/wp\/v2\/posts"}],"about":[{"href":"https:\/\/eldiariodesanpedro.com.ar\/sitio\/wp-json\/wp\/v2\/types\/post"}],"author":[{"embeddable":true,"href":"https:\/\/eldiariodesanpedro.com.ar\/sitio\/wp-json\/wp\/v2\/users\/4"}],"replies":[{"embeddable":true,"href":"https:\/\/eldiariodesanpedro.com.ar\/sitio\/wp-json\/wp\/v2\/comments?post=45307"}],"version-history":[{"count":1,"href":"https:\/\/eldiariodesanpedro.com.ar\/sitio\/wp-json\/wp\/v2\/posts\/45307\/revisions"}],"predecessor-version":[{"id":45309,"href":"https:\/\/eldiariodesanpedro.com.ar\/sitio\/wp-json\/wp\/v2\/posts\/45307\/revisions\/45309"}],"wp:featuredmedia":[{"embeddable":true,"href":"https:\/\/eldiariodesanpedro.com.ar\/sitio\/wp-json\/wp\/v2\/media\/45308"}],"wp:attachment":[{"href":"https:\/\/eldiariodesanpedro.com.ar\/sitio\/wp-json\/wp\/v2\/media?parent=45307"}],"wp:term":[{"taxonomy":"category","embeddable":true,"href":"https:\/\/eldiariodesanpedro.com.ar\/sitio\/wp-json\/wp\/v2\/categories?post=45307"},{"taxonomy":"post_tag","embeddable":true,"href":"https:\/\/eldiariodesanpedro.com.ar\/sitio\/wp-json\/wp\/v2\/tags?post=45307"}],"curies":[{"name":"wp","href":"https:\/\/api.w.org\/{rel}","templated":true}]}}