{"id":45304,"date":"2019-01-03T09:46:32","date_gmt":"2019-01-03T12:46:32","guid":{"rendered":"https:\/\/eldiariodesanpedro.com.ar\/sitio\/?p=45304"},"modified":"2019-01-03T09:46:32","modified_gmt":"2019-01-03T12:46:32","slug":"arrecifes-la-municipalidad-compro-20-bicicletas-para-paseos-gratuitos","status":"publish","type":"post","link":"https:\/\/eldiariodesanpedro.com.ar\/sitio\/arrecifes-la-municipalidad-compro-20-bicicletas-para-paseos-gratuitos\/","title":{"rendered":"ARRECIFES: La Municipalidad compr\u00f3 20 bicicletas para paseos gratuitos"},"content":{"rendered":"<p><!-- VideographyWP Plugin Message: Automatic video embedding prevented by plugin options. --><br \/>\nLlega una nueva propuesta tur\u00edstica, recreativa y ecol\u00f3gica para compartir en familia: paseos en bicicleta por la ciudad.<\/p>\n<p>El Municipio adquiri\u00f3 20 bicicletas para quienes las quieran utilizar en forma gratuita, realizando paseos de una hora recorriendo la zona ribere\u00f1a y c\u00e9ntrica, experiencia que podr\u00e1 disfrutar el grupo familiar al tratarse de rodados 26 para los m\u00e1s grandes y 20 para los m\u00e1s chicos.<\/p>\n<p>El punto de partida, lugar en el que se encontrar\u00e1n las bicicletas, ser\u00e1 la calle central de la rotonda del Balneario Municipal.<\/p>\n<p>En breve estaremos informando el comienzo de esta actividad y su modo de implementaci\u00f3n.<\/p>\n<p>Fuente: Arrecifes Noticias (<a href=\"https:\/\/arrecifesnoticias.com\">https:\/\/arrecifesnoticias.com<\/a>)<\/p>\n","protected":false},"excerpt":{"rendered":"<p>Llega una nueva propuesta tur\u00edstica, recreativa y ecol\u00f3gica para compartir en familia: paseos en bicicleta por la ciudad. El Municipio adquiri\u00f3 20 bicicletas para quienes las quieran utilizar en forma gratuita, realizando paseos de una hora recorriendo la zona ribere\u00f1a y c\u00e9ntrica, experiencia que podr\u00e1 disfrutar el grupo familiar al tratarse de rodados 26 para [&hellip;]<\/p>\n","protected":false},"author":4,"featured_media":45305,"comment_status":"open","ping_status":"closed","sticky":false,"template":"","format":"standard","meta":{"om_disable_all_campaigns":false,"_jetpack_memberships_contains_paid_content":false,"footnotes":""},"categories":[621],"tags":[],"class_list":["post-45304","post","type-post","status-publish","format-standard","has-post-thumbnail","hentry","category-regionales"],"aioseo_notices":[],"gutentor_comment":0,"jetpack_featured_media_url":"https:\/\/eldiariodesanpedro.com.ar\/sitio\/wp-content\/uploads\/2019\/01\/Bicicletas-municipalidad.jpg","jetpack_shortlink":"https:\/\/wp.me\/p6RhLt-bMI","jetpack_sharing_enabled":true,"_links":{"self":[{"href":"https:\/\/eldiariodesanpedro.com.ar\/sitio\/wp-json\/wp\/v2\/posts\/45304","targetHints":{"allow":["GET"]}}],"collection":[{"href":"https:\/\/eldiariodesanpedro.com.ar\/sitio\/wp-json\/wp\/v2\/posts"}],"about":[{"href":"https:\/\/eldiariodesanpedro.com.ar\/sitio\/wp-json\/wp\/v2\/types\/post"}],"author":[{"embeddable":true,"href":"https:\/\/eldiariodesanpedro.com.ar\/sitio\/wp-json\/wp\/v2\/users\/4"}],"replies":[{"embeddable":true,"href":"https:\/\/eldiariodesanpedro.com.ar\/sitio\/wp-json\/wp\/v2\/comments?post=45304"}],"version-history":[{"count":1,"href":"https:\/\/eldiariodesanpedro.com.ar\/sitio\/wp-json\/wp\/v2\/posts\/45304\/revisions"}],"predecessor-version":[{"id":45306,"href":"https:\/\/eldiariodesanpedro.com.ar\/sitio\/wp-json\/wp\/v2\/posts\/45304\/revisions\/45306"}],"wp:featuredmedia":[{"embeddable":true,"href":"https:\/\/eldiariodesanpedro.com.ar\/sitio\/wp-json\/wp\/v2\/media\/45305"}],"wp:attachment":[{"href":"https:\/\/eldiariodesanpedro.com.ar\/sitio\/wp-json\/wp\/v2\/media?parent=45304"}],"wp:term":[{"taxonomy":"category","embeddable":true,"href":"https:\/\/eldiariodesanpedro.com.ar\/sitio\/wp-json\/wp\/v2\/categories?post=45304"},{"taxonomy":"post_tag","embeddable":true,"href":"https:\/\/eldiariodesanpedro.com.ar\/sitio\/wp-json\/wp\/v2\/tags?post=45304"}],"curies":[{"name":"wp","href":"https:\/\/api.w.org\/{rel}","templated":true}]}}