{"id":45301,"date":"2019-01-03T09:40:09","date_gmt":"2019-01-03T12:40:09","guid":{"rendered":"https:\/\/eldiariodesanpedro.com.ar\/sitio\/?p=45301"},"modified":"2019-01-03T09:40:09","modified_gmt":"2019-01-03T12:40:09","slug":"ramallo-roban-una-camioneta-toyota-y-la-policia-la-recupera-en-san-nicolas","status":"publish","type":"post","link":"https:\/\/eldiariodesanpedro.com.ar\/sitio\/ramallo-roban-una-camioneta-toyota-y-la-policia-la-recupera-en-san-nicolas\/","title":{"rendered":"RAMALLO: Roban una camioneta Toyota y la polic\u00eda la recupera en San Nicol\u00e1s"},"content":{"rendered":"<p><!-- VideographyWP Plugin Message: Automatic video embedding prevented by plugin options. --><br \/>\nDesde Comisar\u00eda Segunda informaron el robo a una distribuidora de alimentos balanceados.<br \/>\nEl d\u00eda viernes 16.15 hs tres masculinos movilizados en autom\u00f3vil Peugeot color negro ingresaron con fines de robo  a distribuidora  de alimentos balanceados ubicada  sobre colectora  de la ruta 9 km 204,  hab\u00eda un empleado que al advertir la presencia de los malvivientes sali\u00f3 corriendo hacia autopista sustrayendo estos sujetos camioneta Toyota Hilux que est\u00e1 estacionada en el lugar, d\u00e1ndose a la fuga hacia el lado de San Nicol\u00e1s.<\/p>\n<p> Se realiz\u00f3 operativo cerrojo con colaboraci\u00f3n de otros m\u00f3viles de servicio. Logrando personal de Vial San Nicol\u00e1s  ver veh\u00edculo de similares caracter\u00edsticas inici\u00e1ndose persecuci\u00f3n de 4 km identificando  a dos sujetos oriundos de G\u00e1lvez, sin armas de fuego en su poder o ropas similares a la que ten\u00edan malvivientes, por lo que no se lo pudo vincular en la causa pero se le iniciaron por separado actuaciones por resistencia a la autoridad. Horas despu\u00e9s se hall\u00f3 abandonada camioneta Hilux en barrio 12 de marzo de San Nicol\u00e1s. Instruye DDI Ramallo y se investiga.      <\/p>\n<p>Fuente: La Radio Ramallo (<a href=\"https:\/\/laradioramallo.com.ar\">https:\/\/laradioramallo.com.ar<\/a>)<\/p>\n","protected":false},"excerpt":{"rendered":"<p>Desde Comisar\u00eda Segunda informaron el robo a una distribuidora de alimentos balanceados. El d\u00eda viernes 16.15 hs tres masculinos movilizados en autom\u00f3vil Peugeot color negro ingresaron con fines de robo a distribuidora de alimentos balanceados ubicada sobre colectora de la ruta 9 km 204, hab\u00eda un empleado que al advertir la presencia de los malvivientes [&hellip;]<\/p>\n","protected":false},"author":4,"featured_media":45302,"comment_status":"open","ping_status":"closed","sticky":false,"template":"","format":"standard","meta":{"om_disable_all_campaigns":false,"_jetpack_memberships_contains_paid_content":false,"footnotes":""},"categories":[621],"tags":[],"class_list":["post-45301","post","type-post","status-publish","format-standard","has-post-thumbnail","hentry","category-regionales"],"aioseo_notices":[],"gutentor_comment":0,"jetpack_featured_media_url":"https:\/\/eldiariodesanpedro.com.ar\/sitio\/wp-content\/uploads\/2019\/01\/resize_1546277400.jpg","jetpack_shortlink":"https:\/\/wp.me\/p6RhLt-bMF","jetpack_sharing_enabled":true,"_links":{"self":[{"href":"https:\/\/eldiariodesanpedro.com.ar\/sitio\/wp-json\/wp\/v2\/posts\/45301","targetHints":{"allow":["GET"]}}],"collection":[{"href":"https:\/\/eldiariodesanpedro.com.ar\/sitio\/wp-json\/wp\/v2\/posts"}],"about":[{"href":"https:\/\/eldiariodesanpedro.com.ar\/sitio\/wp-json\/wp\/v2\/types\/post"}],"author":[{"embeddable":true,"href":"https:\/\/eldiariodesanpedro.com.ar\/sitio\/wp-json\/wp\/v2\/users\/4"}],"replies":[{"embeddable":true,"href":"https:\/\/eldiariodesanpedro.com.ar\/sitio\/wp-json\/wp\/v2\/comments?post=45301"}],"version-history":[{"count":1,"href":"https:\/\/eldiariodesanpedro.com.ar\/sitio\/wp-json\/wp\/v2\/posts\/45301\/revisions"}],"predecessor-version":[{"id":45303,"href":"https:\/\/eldiariodesanpedro.com.ar\/sitio\/wp-json\/wp\/v2\/posts\/45301\/revisions\/45303"}],"wp:featuredmedia":[{"embeddable":true,"href":"https:\/\/eldiariodesanpedro.com.ar\/sitio\/wp-json\/wp\/v2\/media\/45302"}],"wp:attachment":[{"href":"https:\/\/eldiariodesanpedro.com.ar\/sitio\/wp-json\/wp\/v2\/media?parent=45301"}],"wp:term":[{"taxonomy":"category","embeddable":true,"href":"https:\/\/eldiariodesanpedro.com.ar\/sitio\/wp-json\/wp\/v2\/categories?post=45301"},{"taxonomy":"post_tag","embeddable":true,"href":"https:\/\/eldiariodesanpedro.com.ar\/sitio\/wp-json\/wp\/v2\/tags?post=45301"}],"curies":[{"name":"wp","href":"https:\/\/api.w.org\/{rel}","templated":true}]}}