{"id":45298,"date":"2019-01-03T09:37:55","date_gmt":"2019-01-03T12:37:55","guid":{"rendered":"https:\/\/eldiariodesanpedro.com.ar\/sitio\/?p=45298"},"modified":"2019-01-03T09:37:55","modified_gmt":"2019-01-03T12:37:55","slug":"zarate-desaparecio-un-hombre-en-un-camping-y-es-buscado-intensamente-por-prefectura","status":"publish","type":"post","link":"https:\/\/eldiariodesanpedro.com.ar\/sitio\/zarate-desaparecio-un-hombre-en-un-camping-y-es-buscado-intensamente-por-prefectura\/","title":{"rendered":"Z\u00c1RATE: Desapareci\u00f3 un hombre en un camping y es buscado intensamente por Prefectura"},"content":{"rendered":"<p><!-- VideographyWP Plugin Message: Automatic video embedding prevented by plugin options. --><br \/>\nTal como inform\u00f3 Cabletel, ayer se produjo la desaparici\u00f3n de una persona que se encontraba pasando el d\u00eda con su familia en el Camping de las Tejas. Se trata de un hombre de nacionalidad boliviana, con residencia en la ciudad de Escobar.<br \/>\nLa persona estaba con su grupo familiar pasando el d\u00eda. La fuerza nacional tom\u00f3 conocimiento por el alerta que surgi\u00f3 de la propia familia boliviana.<\/p>\n<p>Est\u00e1n afectados a la b\u00fasqueda la embarcaci\u00f3n BP-6211 y MA-116 con personal Prefectura Z\u00e1rate como as\u00ed tambi\u00e9n Personal de la Prefectura Campana especializados en buceo.<\/p>\n<p>\u201cA\u00fan no hemos podido dar con la persona desaparecida de las aguas\u201d remarcaron desde la fuerza.<\/p>\n<p>Fuente: Enlace Critico (<a href=\"http:\/\/www.enlacecritico.com\">http:\/\/www.enlacecritico.com<\/a>)<\/p>\n","protected":false},"excerpt":{"rendered":"<p>Tal como inform\u00f3 Cabletel, ayer se produjo la desaparici\u00f3n de una persona que se encontraba pasando el d\u00eda con su familia en el Camping de las Tejas. Se trata de un hombre de nacionalidad boliviana, con residencia en la ciudad de Escobar. La persona estaba con su grupo familiar pasando el d\u00eda. La fuerza nacional [&hellip;]<\/p>\n","protected":false},"author":4,"featured_media":45299,"comment_status":"open","ping_status":"closed","sticky":false,"template":"","format":"standard","meta":{"om_disable_all_campaigns":false,"_jetpack_memberships_contains_paid_content":false,"footnotes":""},"categories":[621],"tags":[],"class_list":["post-45298","post","type-post","status-publish","format-standard","has-post-thumbnail","hentry","category-regionales"],"aioseo_notices":[],"gutentor_comment":0,"jetpack_featured_media_url":"https:\/\/eldiariodesanpedro.com.ar\/sitio\/wp-content\/uploads\/2019\/01\/397404.jpg","jetpack_shortlink":"https:\/\/wp.me\/p6RhLt-bMC","jetpack_sharing_enabled":true,"_links":{"self":[{"href":"https:\/\/eldiariodesanpedro.com.ar\/sitio\/wp-json\/wp\/v2\/posts\/45298","targetHints":{"allow":["GET"]}}],"collection":[{"href":"https:\/\/eldiariodesanpedro.com.ar\/sitio\/wp-json\/wp\/v2\/posts"}],"about":[{"href":"https:\/\/eldiariodesanpedro.com.ar\/sitio\/wp-json\/wp\/v2\/types\/post"}],"author":[{"embeddable":true,"href":"https:\/\/eldiariodesanpedro.com.ar\/sitio\/wp-json\/wp\/v2\/users\/4"}],"replies":[{"embeddable":true,"href":"https:\/\/eldiariodesanpedro.com.ar\/sitio\/wp-json\/wp\/v2\/comments?post=45298"}],"version-history":[{"count":1,"href":"https:\/\/eldiariodesanpedro.com.ar\/sitio\/wp-json\/wp\/v2\/posts\/45298\/revisions"}],"predecessor-version":[{"id":45300,"href":"https:\/\/eldiariodesanpedro.com.ar\/sitio\/wp-json\/wp\/v2\/posts\/45298\/revisions\/45300"}],"wp:featuredmedia":[{"embeddable":true,"href":"https:\/\/eldiariodesanpedro.com.ar\/sitio\/wp-json\/wp\/v2\/media\/45299"}],"wp:attachment":[{"href":"https:\/\/eldiariodesanpedro.com.ar\/sitio\/wp-json\/wp\/v2\/media?parent=45298"}],"wp:term":[{"taxonomy":"category","embeddable":true,"href":"https:\/\/eldiariodesanpedro.com.ar\/sitio\/wp-json\/wp\/v2\/categories?post=45298"},{"taxonomy":"post_tag","embeddable":true,"href":"https:\/\/eldiariodesanpedro.com.ar\/sitio\/wp-json\/wp\/v2\/tags?post=45298"}],"curies":[{"name":"wp","href":"https:\/\/api.w.org\/{rel}","templated":true}]}}