{"id":45295,"date":"2019-01-03T09:35:18","date_gmt":"2019-01-03T12:35:18","guid":{"rendered":"https:\/\/eldiariodesanpedro.com.ar\/sitio\/?p=45295"},"modified":"2019-01-03T09:35:18","modified_gmt":"2019-01-03T12:35:18","slug":"san-nicolas-en-febrero-reabren-las-inscripciones-en-el-polo-universitario","status":"publish","type":"post","link":"https:\/\/eldiariodesanpedro.com.ar\/sitio\/san-nicolas-en-febrero-reabren-las-inscripciones-en-el-polo-universitario\/","title":{"rendered":"SAN NICOL\u00c1S: En febrero reabren las inscripciones en el Polo Universitario"},"content":{"rendered":"<p><!-- VideographyWP Plugin Message: Automatic video embedding prevented by plugin options. --><br \/>\nYa se concret\u00f3 la primera etapa de inscripci\u00f3n en el Polo Universitario San Nicol\u00e1s y se inscribieron alrededor de cien personas.<br \/>\nLa oferta educativa incluye las licenciaturas en Enfermer\u00eda, Turismo, Gesti\u00f3n Educativa y Automatizaci\u00f3n.<\/p>\n<p>El segundo periodo de inscripciones iniciar\u00e1 el pr\u00f3ximo 4 de febrero. Pueden inscribirse aquellos que hayan completado la tecnicatura en cada una de esas \u00e1reas.<\/p>\n<p>Fuente: Diario El Informante (<a href=\"http:\/\/www.diarioelinformante.com.ar\">http:\/\/www.diarioelinformante.com.ar<\/a>)<\/p>\n","protected":false},"excerpt":{"rendered":"<p>Ya se concret\u00f3 la primera etapa de inscripci\u00f3n en el Polo Universitario San Nicol\u00e1s y se inscribieron alrededor de cien personas. La oferta educativa incluye las licenciaturas en Enfermer\u00eda, Turismo, Gesti\u00f3n Educativa y Automatizaci\u00f3n. El segundo periodo de inscripciones iniciar\u00e1 el pr\u00f3ximo 4 de febrero. Pueden inscribirse aquellos que hayan completado la tecnicatura en cada [&hellip;]<\/p>\n","protected":false},"author":4,"featured_media":45296,"comment_status":"open","ping_status":"closed","sticky":false,"template":"","format":"standard","meta":{"om_disable_all_campaigns":false,"_jetpack_memberships_contains_paid_content":false,"footnotes":""},"categories":[621],"tags":[],"class_list":["post-45295","post","type-post","status-publish","format-standard","has-post-thumbnail","hentry","category-regionales"],"aioseo_notices":[],"gutentor_comment":0,"jetpack_featured_media_url":"https:\/\/eldiariodesanpedro.com.ar\/sitio\/wp-content\/uploads\/2019\/01\/no_esu6ob8f2bfbotcpolo.jpg","jetpack_shortlink":"https:\/\/wp.me\/p6RhLt-bMz","jetpack_sharing_enabled":true,"_links":{"self":[{"href":"https:\/\/eldiariodesanpedro.com.ar\/sitio\/wp-json\/wp\/v2\/posts\/45295","targetHints":{"allow":["GET"]}}],"collection":[{"href":"https:\/\/eldiariodesanpedro.com.ar\/sitio\/wp-json\/wp\/v2\/posts"}],"about":[{"href":"https:\/\/eldiariodesanpedro.com.ar\/sitio\/wp-json\/wp\/v2\/types\/post"}],"author":[{"embeddable":true,"href":"https:\/\/eldiariodesanpedro.com.ar\/sitio\/wp-json\/wp\/v2\/users\/4"}],"replies":[{"embeddable":true,"href":"https:\/\/eldiariodesanpedro.com.ar\/sitio\/wp-json\/wp\/v2\/comments?post=45295"}],"version-history":[{"count":1,"href":"https:\/\/eldiariodesanpedro.com.ar\/sitio\/wp-json\/wp\/v2\/posts\/45295\/revisions"}],"predecessor-version":[{"id":45297,"href":"https:\/\/eldiariodesanpedro.com.ar\/sitio\/wp-json\/wp\/v2\/posts\/45295\/revisions\/45297"}],"wp:featuredmedia":[{"embeddable":true,"href":"https:\/\/eldiariodesanpedro.com.ar\/sitio\/wp-json\/wp\/v2\/media\/45296"}],"wp:attachment":[{"href":"https:\/\/eldiariodesanpedro.com.ar\/sitio\/wp-json\/wp\/v2\/media?parent=45295"}],"wp:term":[{"taxonomy":"category","embeddable":true,"href":"https:\/\/eldiariodesanpedro.com.ar\/sitio\/wp-json\/wp\/v2\/categories?post=45295"},{"taxonomy":"post_tag","embeddable":true,"href":"https:\/\/eldiariodesanpedro.com.ar\/sitio\/wp-json\/wp\/v2\/tags?post=45295"}],"curies":[{"name":"wp","href":"https:\/\/api.w.org\/{rel}","templated":true}]}}