{"id":45291,"date":"2019-01-03T09:31:58","date_gmt":"2019-01-03T12:31:58","guid":{"rendered":"https:\/\/eldiariodesanpedro.com.ar\/sitio\/?p=45291"},"modified":"2019-01-03T09:31:58","modified_gmt":"2019-01-03T12:31:58","slug":"arrecifes-detenido-por-abusar-de-su-hija-de-dos-anos","status":"publish","type":"post","link":"https:\/\/eldiariodesanpedro.com.ar\/sitio\/arrecifes-detenido-por-abusar-de-su-hija-de-dos-anos\/","title":{"rendered":"ARRECIFES: Detenido por abusar de su hija de dos a\u00f1os"},"content":{"rendered":"<p><!-- VideographyWP Plugin Message: Automatic video embedding prevented by plugin options. --><br \/>\nEste lunes 31 de diciembre la Polic\u00eda de Arrecifes concret\u00f3 la detenci\u00f3n de un joven de 26 a\u00f1os de edad acusado de abusar de su hija de apenas dos a\u00f1os.<\/p>\n<p>La denuncia la efectu\u00f3 la mam\u00e1 de la menor, Carolina Rivero (30), quien adem\u00e1s hizo p\u00fablica la situaci\u00f3n en su muro de Facebook.<\/p>\n<p>El sujeto hab\u00eda salido hace unos meses de la c\u00e1rcel, donde se encontraba alojado por robo calificado, y este lunes volvi\u00f3 a ser detenido en un domicilio de Rivadavia al 1100.<\/p>\n<p>Actualmente se encuentra aprehendido en una comisar\u00eda de la zona y este mi\u00e9rcoles ser\u00e1 trasladado a San Nicol\u00e1s para prestar declaraci\u00f3n.<\/p>\n<p>Fuente: Noticias Arrecifes<\/p>\n<p><img decoding=\"async\" data-attachment-id=\"45292\" data-permalink=\"https:\/\/eldiariodesanpedro.com.ar\/sitio\/arrecifes-detenido-por-abusar-de-su-hija-de-dos-anos\/abuso-carolina-rivero\/\" data-orig-file=\"https:\/\/eldiariodesanpedro.com.ar\/sitio\/wp-content\/uploads\/2019\/01\/abuso-carolina-rivero.jpg\" data-orig-size=\"960,450\" data-comments-opened=\"1\" data-image-meta=\"{&quot;aperture&quot;:&quot;0&quot;,&quot;credit&quot;:&quot;&quot;,&quot;camera&quot;:&quot;&quot;,&quot;caption&quot;:&quot;&quot;,&quot;created_timestamp&quot;:&quot;0&quot;,&quot;copyright&quot;:&quot;&quot;,&quot;focal_length&quot;:&quot;0&quot;,&quot;iso&quot;:&quot;0&quot;,&quot;shutter_speed&quot;:&quot;0&quot;,&quot;title&quot;:&quot;&quot;,&quot;orientation&quot;:&quot;0&quot;}\" data-image-title=\"abuso-carolina-rivero\" data-image-description=\"\" data-image-caption=\"\" data-large-file=\"https:\/\/eldiariodesanpedro.com.ar\/sitio\/wp-content\/uploads\/2019\/01\/abuso-carolina-rivero.jpg\" data-src=\"https:\/\/eldiariodesanpedro.com.ar\/sitio\/wp-content\/uploads\/2019\/01\/abuso-carolina-rivero.jpg\" alt=\"\" width=\"960\" height=\"450\" class=\"alignnone size-full wp-image-45292 lazyload\" data-srcset=\"https:\/\/eldiariodesanpedro.com.ar\/sitio\/wp-content\/uploads\/2019\/01\/abuso-carolina-rivero.jpg 960w, https:\/\/eldiariodesanpedro.com.ar\/sitio\/wp-content\/uploads\/2019\/01\/abuso-carolina-rivero-300x141.jpg 300w, https:\/\/eldiariodesanpedro.com.ar\/sitio\/wp-content\/uploads\/2019\/01\/abuso-carolina-rivero-768x360.jpg 768w\" data-sizes=\"(max-width: 960px) 100vw, 960px\" src=\"data:image\/svg+xml;base64,PHN2ZyB3aWR0aD0iMSIgaGVpZ2h0PSIxIiB4bWxucz0iaHR0cDovL3d3dy53My5vcmcvMjAwMC9zdmciPjwvc3ZnPg==\" style=\"--smush-placeholder-width: 960px; --smush-placeholder-aspect-ratio: 960\/450;\" \/><\/p>\n","protected":false},"excerpt":{"rendered":"<p>Este lunes 31 de diciembre la Polic\u00eda de Arrecifes concret\u00f3 la detenci\u00f3n de un joven de 26 a\u00f1os de edad acusado de abusar de su hija de apenas dos a\u00f1os. La denuncia la efectu\u00f3 la mam\u00e1 de la menor, Carolina Rivero (30), quien adem\u00e1s hizo p\u00fablica la situaci\u00f3n en su muro de Facebook. El sujeto [&hellip;]<\/p>\n","protected":false},"author":4,"featured_media":45293,"comment_status":"open","ping_status":"closed","sticky":false,"template":"","format":"standard","meta":{"om_disable_all_campaigns":false,"_jetpack_memberships_contains_paid_content":false,"footnotes":""},"categories":[621],"tags":[],"class_list":["post-45291","post","type-post","status-publish","format-standard","has-post-thumbnail","hentry","category-regionales"],"aioseo_notices":[],"gutentor_comment":0,"jetpack_featured_media_url":"https:\/\/eldiariodesanpedro.com.ar\/sitio\/wp-content\/uploads\/2019\/01\/comisaria_4.jpg","jetpack_shortlink":"https:\/\/wp.me\/p6RhLt-bMv","jetpack_sharing_enabled":true,"_links":{"self":[{"href":"https:\/\/eldiariodesanpedro.com.ar\/sitio\/wp-json\/wp\/v2\/posts\/45291","targetHints":{"allow":["GET"]}}],"collection":[{"href":"https:\/\/eldiariodesanpedro.com.ar\/sitio\/wp-json\/wp\/v2\/posts"}],"about":[{"href":"https:\/\/eldiariodesanpedro.com.ar\/sitio\/wp-json\/wp\/v2\/types\/post"}],"author":[{"embeddable":true,"href":"https:\/\/eldiariodesanpedro.com.ar\/sitio\/wp-json\/wp\/v2\/users\/4"}],"replies":[{"embeddable":true,"href":"https:\/\/eldiariodesanpedro.com.ar\/sitio\/wp-json\/wp\/v2\/comments?post=45291"}],"version-history":[{"count":1,"href":"https:\/\/eldiariodesanpedro.com.ar\/sitio\/wp-json\/wp\/v2\/posts\/45291\/revisions"}],"predecessor-version":[{"id":45294,"href":"https:\/\/eldiariodesanpedro.com.ar\/sitio\/wp-json\/wp\/v2\/posts\/45291\/revisions\/45294"}],"wp:featuredmedia":[{"embeddable":true,"href":"https:\/\/eldiariodesanpedro.com.ar\/sitio\/wp-json\/wp\/v2\/media\/45293"}],"wp:attachment":[{"href":"https:\/\/eldiariodesanpedro.com.ar\/sitio\/wp-json\/wp\/v2\/media?parent=45291"}],"wp:term":[{"taxonomy":"category","embeddable":true,"href":"https:\/\/eldiariodesanpedro.com.ar\/sitio\/wp-json\/wp\/v2\/categories?post=45291"},{"taxonomy":"post_tag","embeddable":true,"href":"https:\/\/eldiariodesanpedro.com.ar\/sitio\/wp-json\/wp\/v2\/tags?post=45291"}],"curies":[{"name":"wp","href":"https:\/\/api.w.org\/{rel}","templated":true}]}}