{"id":45288,"date":"2019-01-03T09:28:46","date_gmt":"2019-01-03T12:28:46","guid":{"rendered":"https:\/\/eldiariodesanpedro.com.ar\/sitio\/?p=45288"},"modified":"2019-01-03T09:28:46","modified_gmt":"2019-01-03T12:28:46","slug":"campana-le-incendia-la-camioneta-a-un-vecino-con-un-globo-aerostatico","status":"publish","type":"post","link":"https:\/\/eldiariodesanpedro.com.ar\/sitio\/campana-le-incendia-la-camioneta-a-un-vecino-con-un-globo-aerostatico\/","title":{"rendered":"CAMPANA: Le incendia la camioneta a un vecino con un globo aerost\u00e1tico"},"content":{"rendered":"<p><!-- VideographyWP Plugin Message: Automatic video embedding prevented by plugin options. --><br \/>\nOcurri\u00f3 en el barrio San Jacinto. Tras los festejos por A\u00f1o Nuevo, una vecina encendi\u00f3 el pol\u00e9mico artefacto, que lejos de remontar vuelo se instal\u00f3 debajo del veh\u00edculo, el cual, se prendi\u00f3 fuego. La camioneta pertenec\u00eda a quien le alquilaba la vivienda.<\/p>\n<p>As\u00ed qued\u00f3 la Amarok tras el incidente.<br \/>\nUn desafortunado hecho desencaden\u00f3 una discusi\u00f3n vecinal, luego que se incendiara una camioneta en el barrio San Jacinto.<\/p>\n<p>Todo ocurri\u00f3 durante las primeras horas del 2019, en una vivienda de las calles Sabatini y Mollo. All\u00ed, una vecina encendi\u00f3 un globo aerost\u00e1tico, y lo ech\u00f3 a volar. Sin embargo, el objeto no levant\u00f3 vuelo y se instal\u00f3 debajo de una camioneta Volkswagen Amarok que se encontraba estacionada en la vereda.<\/p>\n<p>El veh\u00edculo se incendi\u00f3, y su due\u00f1o discuti\u00f3 con la vecina quien era, parad\u00f3jicamente, su inquilina. El m\u00f3vil 36 de Bomberos Voluntarios, a cargo del Mayor Cravioto, se hizo presente en el lugar extinguiendo las llamas.<\/p>\n<p>Seg\u00fan fuentes policiales, el hecho no pas\u00f3 a mayores (m\u00e1s all\u00e1 de la camioneta incendiada) aunque el due\u00f1o del lugar le habr\u00eda pedido a su vecina que abandonara el inmueble, finalizando el v\u00ednculo. <\/p>\n<p>Fuente: Campana Noticias (<a href=\"http:\/\/www.campananoticias.com\">http:\/\/www.campananoticias.com<\/a>)<\/p>\n","protected":false},"excerpt":{"rendered":"<p>Ocurri\u00f3 en el barrio San Jacinto. Tras los festejos por A\u00f1o Nuevo, una vecina encendi\u00f3 el pol\u00e9mico artefacto, que lejos de remontar vuelo se instal\u00f3 debajo del veh\u00edculo, el cual, se prendi\u00f3 fuego. La camioneta pertenec\u00eda a quien le alquilaba la vivienda. As\u00ed qued\u00f3 la Amarok tras el incidente. Un desafortunado hecho desencaden\u00f3 una discusi\u00f3n [&hellip;]<\/p>\n","protected":false},"author":4,"featured_media":45289,"comment_status":"open","ping_status":"closed","sticky":false,"template":"","format":"standard","meta":{"om_disable_all_campaigns":false,"_jetpack_memberships_contains_paid_content":false,"footnotes":""},"categories":[621],"tags":[],"class_list":["post-45288","post","type-post","status-publish","format-standard","has-post-thumbnail","hentry","category-regionales"],"aioseo_notices":[],"gutentor_comment":0,"jetpack_featured_media_url":"https:\/\/eldiariodesanpedro.com.ar\/sitio\/wp-content\/uploads\/2019\/01\/20190102081150.jpg","jetpack_shortlink":"https:\/\/wp.me\/p6RhLt-bMs","jetpack_sharing_enabled":true,"_links":{"self":[{"href":"https:\/\/eldiariodesanpedro.com.ar\/sitio\/wp-json\/wp\/v2\/posts\/45288","targetHints":{"allow":["GET"]}}],"collection":[{"href":"https:\/\/eldiariodesanpedro.com.ar\/sitio\/wp-json\/wp\/v2\/posts"}],"about":[{"href":"https:\/\/eldiariodesanpedro.com.ar\/sitio\/wp-json\/wp\/v2\/types\/post"}],"author":[{"embeddable":true,"href":"https:\/\/eldiariodesanpedro.com.ar\/sitio\/wp-json\/wp\/v2\/users\/4"}],"replies":[{"embeddable":true,"href":"https:\/\/eldiariodesanpedro.com.ar\/sitio\/wp-json\/wp\/v2\/comments?post=45288"}],"version-history":[{"count":1,"href":"https:\/\/eldiariodesanpedro.com.ar\/sitio\/wp-json\/wp\/v2\/posts\/45288\/revisions"}],"predecessor-version":[{"id":45290,"href":"https:\/\/eldiariodesanpedro.com.ar\/sitio\/wp-json\/wp\/v2\/posts\/45288\/revisions\/45290"}],"wp:featuredmedia":[{"embeddable":true,"href":"https:\/\/eldiariodesanpedro.com.ar\/sitio\/wp-json\/wp\/v2\/media\/45289"}],"wp:attachment":[{"href":"https:\/\/eldiariodesanpedro.com.ar\/sitio\/wp-json\/wp\/v2\/media?parent=45288"}],"wp:term":[{"taxonomy":"category","embeddable":true,"href":"https:\/\/eldiariodesanpedro.com.ar\/sitio\/wp-json\/wp\/v2\/categories?post=45288"},{"taxonomy":"post_tag","embeddable":true,"href":"https:\/\/eldiariodesanpedro.com.ar\/sitio\/wp-json\/wp\/v2\/tags?post=45288"}],"curies":[{"name":"wp","href":"https:\/\/api.w.org\/{rel}","templated":true}]}}