{"id":45284,"date":"2019-01-03T10:29:59","date_gmt":"2019-01-03T13:29:59","guid":{"rendered":"https:\/\/eldiariodesanpedro.com.ar\/sitio\/?p=45284"},"modified":"2019-01-03T10:32:34","modified_gmt":"2019-01-03T13:32:34","slug":"marcelo-manso-elevo-a-juicio-la-causa-por-el-asesinato-de-nelson-lillio","status":"publish","type":"post","link":"https:\/\/eldiariodesanpedro.com.ar\/sitio\/marcelo-manso-elevo-a-juicio-la-causa-por-el-asesinato-de-nelson-lillio\/","title":{"rendered":"Marcelo Manso elev\u00f3 a juicio la causa por el asesinato de Nelson Lillio"},"content":{"rendered":"<p><!-- VideographyWP Plugin Message: Automatic video embedding prevented by plugin options. --><br \/>\nA casi un a\u00f1o del asesinato de Nelson Lillio, oficial de la polic\u00eda local, quien en ese momento junto a su compa\u00f1era Laura Lencina quisieron evitar un asalto en pleno centro de nuestra ciudad, a un cami\u00f3n repartidor, hoy el fiscal Manso a cargo de la causa, pudo llevar al \u00fanico imputado como el asesino, Roberto Branto Ayala, a juicio. Hoy la causa esta en manos del Juzgado de Garant\u00edas.<\/p>\n<p>Luego de las declaraciones de Branto, (que hab\u00eda sido beneficiado con salidas transitorias mientras cumpl\u00eda una pena por robo, privaci\u00f3n ileg\u00edtima de la libertad y tenencia de arma de guerra), donde se pudo saber que solo ratifico los argumentos quien justifica su herida de bala en la zona del abdomen como una bala perdida y que justo llegaba a San Pedro por una cuesti\u00f3n de pago de alquiler. Luego cont\u00f3 que se paso dos d\u00edas en los que se lo busc\u00f3 intensamente en la zona costera, que se le bajo la presi\u00f3n pensando que iba a morir, y que luego se dirigi\u00f3 hasta la Ruta 9 con intensi\u00f3n de llegar a Baradero, su ciudad. Durante ese trayecto apareci\u00f3 la polic\u00eda y fue detenido.<\/p>\n<p>El Fiscal Marcelo Manso logr\u00f3 reunir los elementos que ahora le permitieron reconstruir lo sucedido y desestimar cualquier tipo de acci\u00f3n o responsabilidad de la oficial subinspectora Laura Lencina en su desempe\u00f1o como agente de la fuerza de seguridad.<\/p>\n<p>La citaci\u00f3n a juicio para Branto Ayala por los delitos de homicidio calificado, en concurso real con robo agravado por uso de arma de fuego y portaci\u00f3n de arma de guerra, est\u00e1 en manos del Juzgado de Garant\u00edas.<\/p>\n<p>Recordemos que el triste y aberrante hecho ocurri\u00f3 el pasado 25 de enero del 2017, poco antes del mediod\u00eda, cuando dos personas que se encontraban a bordo de un cami\u00f3n repartidor, de la Distribuidora R\u00edo Tala, bajaban mercader\u00eda en un supermercado chino. En ese momento estaban Branto y su compa\u00f1ero Morel, esperando su crimen.<\/p>\n<p>Se encontraban en una motocicleta, Morel era quien conduc\u00eda, se ponen a la par del cami\u00f3n, baja e intercepta a uno de los empleados que estaba dentro, primero golpe\u00e1ndole la ventana y grit\u00e1ndole \u00abb\u00e1jate o te mato, te mato\u00bb, rompi\u00f3 la ventanilla con un par de golpes que propin\u00f3 con la empu\u00f1adura del arma y le exigi\u00f3 al conductor que abra la puerta.<\/p>\n<p>Morel logro guardarse la recaudaci\u00f3n de unos 55 mil pesos, emprende a la fuga para irse con su compa\u00f1ero Branto quien lo aguardaba a pocos metros del lugar, pero en ese momento, se escucho la vos \u00abalto, polic\u00eda\u00bb.<\/p>\n<p>Fue en ese momento cuando apareci\u00f3 el patrullero en el que se desplazaban los agentes Nelson Lillo y Laura Lencina. Tanto Branto como Morel abrieron fuego contra los efectivos, quienes repelieron la agresi\u00f3n con sus armas reglamentarias.<\/p>\n<p>En la balacera muere el delincuente Pablo Morel, Branto emprende a la fuga herido y el Oficial Nelson Lillio queda gravemente herido quien es llevado de urgencia al hospital. Momentos mas tarde muere.<\/p>\n<p>Mientras tanto, Branto siguio su fuga por la calle Rivadavia hasta Arnaldo y por esta \u00faltima en direcci\u00f3n a Salta. En ese tramo intent\u00f3 apoderarse ileg\u00edtimamente de un autom\u00f3vil marca Ford, blanco y sigui\u00f3 la fuga, donde lo aguardaba un sujeto identificado posteriormente como Marcos Gabriel Bruzzone, a bordo de una motocicleta, con el motor en marcha, desapareciendo entre el tr\u00e1fico.<\/p>\n<p>De all\u00ed en m\u00e1s pasar\u00edan 55 horas en las que nada se supo del asesino, y Bruzzone, cuya orden de captura est\u00e1 dictada, sigue pr\u00f3fugo.<\/p>\n<p>La fiscal\u00eda cuenta con pruebas que considera contundentes, entre ellas c\u00e1maras de seguridad chequeada, el testimonio de al menos cinco personas sin vinculaci\u00f3n entre s\u00ed que coinciden en se\u00f1alar que durante el hecho vieron a Branto Ayala empu\u00f1ar el arma.<\/p>\n<p>Ademas est\u00e1n las pericias sobre los proyectiles y los resultados de las comparaciones de su perfil gen\u00e9tico en las manchas de sangre que se hallaron.<\/p>\n","protected":false},"excerpt":{"rendered":"<p>A casi un a\u00f1o del asesinato de Nelson Lillio, oficial de la polic\u00eda local, quien en ese momento junto a su compa\u00f1era Laura Lencina quisieron evitar un asalto en pleno centro de nuestra ciudad, a un cami\u00f3n repartidor, hoy el fiscal Manso a cargo de la causa, pudo llevar al \u00fanico imputado como el asesino, [&hellip;]<\/p>\n","protected":false},"author":4,"featured_media":45318,"comment_status":"open","ping_status":"closed","sticky":false,"template":"","format":"standard","meta":{"om_disable_all_campaigns":false,"_jetpack_memberships_contains_paid_content":false,"footnotes":""},"categories":[50,101,2],"tags":[],"class_list":["post-45284","post","type-post","status-publish","format-standard","has-post-thumbnail","hentry","category-destacadas","category-interes-general-locales","category-locales"],"aioseo_notices":[],"gutentor_comment":0,"jetpack_featured_media_url":"https:\/\/eldiariodesanpedro.com.ar\/sitio\/wp-content\/uploads\/2019\/01\/WhatsApp-Image-2019-01-03-at-10.28.22-1.jpeg","jetpack_shortlink":"https:\/\/wp.me\/p6RhLt-bMo","jetpack_sharing_enabled":true,"_links":{"self":[{"href":"https:\/\/eldiariodesanpedro.com.ar\/sitio\/wp-json\/wp\/v2\/posts\/45284","targetHints":{"allow":["GET"]}}],"collection":[{"href":"https:\/\/eldiariodesanpedro.com.ar\/sitio\/wp-json\/wp\/v2\/posts"}],"about":[{"href":"https:\/\/eldiariodesanpedro.com.ar\/sitio\/wp-json\/wp\/v2\/types\/post"}],"author":[{"embeddable":true,"href":"https:\/\/eldiariodesanpedro.com.ar\/sitio\/wp-json\/wp\/v2\/users\/4"}],"replies":[{"embeddable":true,"href":"https:\/\/eldiariodesanpedro.com.ar\/sitio\/wp-json\/wp\/v2\/comments?post=45284"}],"version-history":[{"count":2,"href":"https:\/\/eldiariodesanpedro.com.ar\/sitio\/wp-json\/wp\/v2\/posts\/45284\/revisions"}],"predecessor-version":[{"id":45322,"href":"https:\/\/eldiariodesanpedro.com.ar\/sitio\/wp-json\/wp\/v2\/posts\/45284\/revisions\/45322"}],"wp:featuredmedia":[{"embeddable":true,"href":"https:\/\/eldiariodesanpedro.com.ar\/sitio\/wp-json\/wp\/v2\/media\/45318"}],"wp:attachment":[{"href":"https:\/\/eldiariodesanpedro.com.ar\/sitio\/wp-json\/wp\/v2\/media?parent=45284"}],"wp:term":[{"taxonomy":"category","embeddable":true,"href":"https:\/\/eldiariodesanpedro.com.ar\/sitio\/wp-json\/wp\/v2\/categories?post=45284"},{"taxonomy":"post_tag","embeddable":true,"href":"https:\/\/eldiariodesanpedro.com.ar\/sitio\/wp-json\/wp\/v2\/tags?post=45284"}],"curies":[{"name":"wp","href":"https:\/\/api.w.org\/{rel}","templated":true}]}}