{"id":45274,"date":"2019-01-02T11:16:25","date_gmt":"2019-01-02T14:16:25","guid":{"rendered":"https:\/\/eldiariodesanpedro.com.ar\/sitio\/?p=45274"},"modified":"2019-01-02T11:16:25","modified_gmt":"2019-01-02T14:16:25","slug":"zarate-ladrones-hicieron-un-boquete-en-plena-tormenta-y-saquearon-una-polleria","status":"publish","type":"post","link":"https:\/\/eldiariodesanpedro.com.ar\/sitio\/zarate-ladrones-hicieron-un-boquete-en-plena-tormenta-y-saquearon-una-polleria\/","title":{"rendered":"Z\u00c1RATE: Ladrones hicieron un boquete en plena tormenta y saquearon una poller\u00eda"},"content":{"rendered":"<p><!-- VideographyWP Plugin Message: Automatic video embedding prevented by plugin options. --><br \/>\nUn grupo indeterminado de delincuentes aprovecharon el fuerte temporal de la madrugada de domingo pasado para entrar a robar una poller\u00eda de Justa Lima y Pellegrini de Z\u00e1rate.<\/p>\n<p>Seg\u00fan trascendi\u00f3 entraron por un pasillo de calle Pellegrini e hicieron un boquete. Algunos vecinos dijeron haber escuchado varias motos entre las dos y tres de la ma\u00f1ana, estim\u00e1ndose que podr\u00edan haberlas utilizado para escapar con todo lo robado: mercader\u00eda, dos televisores, un m\u00f3dem, decodificador, pos net y mucho m\u00e1s.<\/p>\n<p>La denuncia ya fue radicada en la comisar\u00eda y esperan poder dar con las pertenencias del local.<\/p>\n<p>Fuente: Enlace Critico (<a href=\"http:\/\/www.enlacecritico.com\">http:\/\/www.enlacecritico.com<\/a>)<\/p>\n","protected":false},"excerpt":{"rendered":"<p>Un grupo indeterminado de delincuentes aprovecharon el fuerte temporal de la madrugada de domingo pasado para entrar a robar una poller\u00eda de Justa Lima y Pellegrini de Z\u00e1rate. Seg\u00fan trascendi\u00f3 entraron por un pasillo de calle Pellegrini e hicieron un boquete. Algunos vecinos dijeron haber escuchado varias motos entre las dos y tres de la [&hellip;]<\/p>\n","protected":false},"author":4,"featured_media":45275,"comment_status":"open","ping_status":"closed","sticky":false,"template":"","format":"standard","meta":{"om_disable_all_campaigns":false,"_jetpack_memberships_contains_paid_content":false,"footnotes":""},"categories":[621],"tags":[],"class_list":["post-45274","post","type-post","status-publish","format-standard","has-post-thumbnail","hentry","category-regionales"],"aioseo_notices":[],"gutentor_comment":0,"jetpack_featured_media_url":"https:\/\/eldiariodesanpedro.com.ar\/sitio\/wp-content\/uploads\/2019\/01\/zarate_39.jpg","jetpack_shortlink":"https:\/\/wp.me\/p6RhLt-bMe","jetpack_sharing_enabled":true,"_links":{"self":[{"href":"https:\/\/eldiariodesanpedro.com.ar\/sitio\/wp-json\/wp\/v2\/posts\/45274","targetHints":{"allow":["GET"]}}],"collection":[{"href":"https:\/\/eldiariodesanpedro.com.ar\/sitio\/wp-json\/wp\/v2\/posts"}],"about":[{"href":"https:\/\/eldiariodesanpedro.com.ar\/sitio\/wp-json\/wp\/v2\/types\/post"}],"author":[{"embeddable":true,"href":"https:\/\/eldiariodesanpedro.com.ar\/sitio\/wp-json\/wp\/v2\/users\/4"}],"replies":[{"embeddable":true,"href":"https:\/\/eldiariodesanpedro.com.ar\/sitio\/wp-json\/wp\/v2\/comments?post=45274"}],"version-history":[{"count":1,"href":"https:\/\/eldiariodesanpedro.com.ar\/sitio\/wp-json\/wp\/v2\/posts\/45274\/revisions"}],"predecessor-version":[{"id":45276,"href":"https:\/\/eldiariodesanpedro.com.ar\/sitio\/wp-json\/wp\/v2\/posts\/45274\/revisions\/45276"}],"wp:featuredmedia":[{"embeddable":true,"href":"https:\/\/eldiariodesanpedro.com.ar\/sitio\/wp-json\/wp\/v2\/media\/45275"}],"wp:attachment":[{"href":"https:\/\/eldiariodesanpedro.com.ar\/sitio\/wp-json\/wp\/v2\/media?parent=45274"}],"wp:term":[{"taxonomy":"category","embeddable":true,"href":"https:\/\/eldiariodesanpedro.com.ar\/sitio\/wp-json\/wp\/v2\/categories?post=45274"},{"taxonomy":"post_tag","embeddable":true,"href":"https:\/\/eldiariodesanpedro.com.ar\/sitio\/wp-json\/wp\/v2\/tags?post=45274"}],"curies":[{"name":"wp","href":"https:\/\/api.w.org\/{rel}","templated":true}]}}