{"id":45271,"date":"2019-01-02T11:11:30","date_gmt":"2019-01-02T14:11:30","guid":{"rendered":"https:\/\/eldiariodesanpedro.com.ar\/sitio\/?p=45271"},"modified":"2019-01-02T11:11:30","modified_gmt":"2019-01-02T14:11:30","slug":"campana-egresaron-263-guardias-trabajaran-en-la-unidad-modelo-para-jovenes-adultos","status":"publish","type":"post","link":"https:\/\/eldiariodesanpedro.com.ar\/sitio\/campana-egresaron-263-guardias-trabajaran-en-la-unidad-modelo-para-jovenes-adultos\/","title":{"rendered":"CAMPANA: Egresaron 263 guardias trabajar\u00e1n en la Unidad Modelo para J\u00f3venes Adultos"},"content":{"rendered":"<p><!-- VideographyWP Plugin Message: Automatic video embedding prevented by plugin options. --><br \/>\nLa Unidad 57 ser\u00e1 una c\u00e1rcel en la que se alojar\u00e1n solo a privados de libertad de entre 18 y 25 a\u00f1os. Los guardas fueron capacitados en el marco del Programa Integral de Asistencia y Tratamiento para J\u00f3venes Adultos, con \u00e9nfasis en la acci\u00f3n restaurativa, diversidades sexuales, consumos adictivos, pol\u00edtica de g\u00e9nero y salud mental, entre otros ejes.<\/p>\n<p>El Subsecretario de Pol\u00edtica Penitenciaria del Ministro de Justicia de la provincia de Buenos Aires, Mat\u00edas Quiero, encabez\u00f3 el pasado jueves el acto de egreso de 263 guardias del escalaf\u00f3n general que cumplir\u00e1n funciones en la Unidad 57 Campana, dependiente del Servicio Penitenciario Bonaerense (SPB).<\/p>\n<p>La ceremonia se realiz\u00f3 en el Polideportivo Municipal de Pilar luego de que los aspirantes aprobaron el curso dictado por el Centro de Capacitaci\u00f3n y Reentrenamiento Permanente del Personal Penitenciario.<\/p>\n<p>\u201cHoy es un d\u00eda especial. Comienzan una carrera muy importante, en la que como servidores p\u00fablicos deber\u00e1n velar por la seguridad de la comunidad al asistir a los j\u00f3venes que han tenido problemas con la ley, para que cuando cumplan sus condenas sean personas distintas y no reincidan en el delito\u201d, sostuvo Quiero.<\/p>\n<p>Los nuevos agentes realizar\u00e1n sus pr\u00e1cticas profesionales en las Unidades Carcelarias del Complejo Penitenciario Campana como parte de la formaci\u00f3n integral.<\/p>\n<p>Durante la ceremonia entregaron a los flamantes guardias un diploma, y reconocimientos a los que lograron los mejores promedios acad\u00e9micos y que demostraron compromiso institucional.<\/p>\n<p>Los flamantes guardias del escalaf\u00f3n general recibieron instrucci\u00f3n te\u00f3rica y pr\u00e1ctica con una etapa de formaci\u00f3n espec\u00edfica en j\u00f3venes adultos, ya que la Unidad 57 ser\u00e1 una c\u00e1rcel en la que se alojar\u00e1n solo a privados de libertad de entre 18 y 25 a\u00f1os.<\/p>\n<p>Al respecto, el Ministro de Justicia, Gustavo Ferrari, explic\u00f3 que \u201cesta Unidad pondr\u00e1 foco en la plena ocupaci\u00f3n de sus residentes con un abordaje asistencial intensivo. Es una decisi\u00f3n de la gobernadora Mar\u00eda Eugenia Vidal dar una segunda oportunidad a los j\u00f3venes en conflicto con la ley. Por eso el objetivo es que los all\u00ed alojados reciban educaci\u00f3n, capacitaci\u00f3n laboral y trabajen en los talleres\u201d.<\/p>\n<p>Los guardas fueron capacitados en el marco del Programa Integral de Asistencia y Tratamiento para J\u00f3venes Adultos, con \u00e9nfasis en la acci\u00f3n restaurativa, diversidades sexuales, consumos adictivos, pol\u00edtica de g\u00e9nero y salud mental, entre otros ejes.<\/p>\n<p>Del acto tambi\u00e9n participaron el Director General de Recursos Humanos y la Directora General de Institutos de Formaci\u00f3n y Capacitaci\u00f3n del SPB, Guido G\u00f3mez y Norma Moracci; el Jefe del Complejo Penitenciario Campana, Juan Lovera, y la vicepresidenta del Concejo Deliberante de Pilar, Claudia Zakhem, entre otras importantes autoridades.<\/p>\n<p>Cabe destacar que la formaci\u00f3n de los aspirantes a guardias se realiz\u00f3 en la localidad bonaerense de Pilar luego de un convenio firmado entre el Ministro de Justicia, Gustavo Ferrari y el Intendente Nicol\u00e1s Ducot\u00e9. <\/p>\n","protected":false},"excerpt":{"rendered":"<p>La Unidad 57 ser\u00e1 una c\u00e1rcel en la que se alojar\u00e1n solo a privados de libertad de entre 18 y 25 a\u00f1os. Los guardas fueron capacitados en el marco del Programa Integral de Asistencia y Tratamiento para J\u00f3venes Adultos, con \u00e9nfasis en la acci\u00f3n restaurativa, diversidades sexuales, consumos adictivos, pol\u00edtica de g\u00e9nero y salud mental, [&hellip;]<\/p>\n","protected":false},"author":4,"featured_media":45272,"comment_status":"open","ping_status":"closed","sticky":false,"template":"","format":"standard","meta":{"om_disable_all_campaigns":false,"_jetpack_memberships_contains_paid_content":false,"footnotes":""},"categories":[621],"tags":[],"class_list":["post-45271","post","type-post","status-publish","format-standard","has-post-thumbnail","hentry","category-regionales"],"aioseo_notices":[],"gutentor_comment":1,"jetpack_featured_media_url":"https:\/\/eldiariodesanpedro.com.ar\/sitio\/wp-content\/uploads\/2019\/01\/WhatsApp-Image-2018-12-21-at-8.33.04-AM.jpeg","jetpack_shortlink":"https:\/\/wp.me\/p6RhLt-bMb","jetpack_sharing_enabled":true,"_links":{"self":[{"href":"https:\/\/eldiariodesanpedro.com.ar\/sitio\/wp-json\/wp\/v2\/posts\/45271","targetHints":{"allow":["GET"]}}],"collection":[{"href":"https:\/\/eldiariodesanpedro.com.ar\/sitio\/wp-json\/wp\/v2\/posts"}],"about":[{"href":"https:\/\/eldiariodesanpedro.com.ar\/sitio\/wp-json\/wp\/v2\/types\/post"}],"author":[{"embeddable":true,"href":"https:\/\/eldiariodesanpedro.com.ar\/sitio\/wp-json\/wp\/v2\/users\/4"}],"replies":[{"embeddable":true,"href":"https:\/\/eldiariodesanpedro.com.ar\/sitio\/wp-json\/wp\/v2\/comments?post=45271"}],"version-history":[{"count":1,"href":"https:\/\/eldiariodesanpedro.com.ar\/sitio\/wp-json\/wp\/v2\/posts\/45271\/revisions"}],"predecessor-version":[{"id":45273,"href":"https:\/\/eldiariodesanpedro.com.ar\/sitio\/wp-json\/wp\/v2\/posts\/45271\/revisions\/45273"}],"wp:featuredmedia":[{"embeddable":true,"href":"https:\/\/eldiariodesanpedro.com.ar\/sitio\/wp-json\/wp\/v2\/media\/45272"}],"wp:attachment":[{"href":"https:\/\/eldiariodesanpedro.com.ar\/sitio\/wp-json\/wp\/v2\/media?parent=45271"}],"wp:term":[{"taxonomy":"category","embeddable":true,"href":"https:\/\/eldiariodesanpedro.com.ar\/sitio\/wp-json\/wp\/v2\/categories?post=45271"},{"taxonomy":"post_tag","embeddable":true,"href":"https:\/\/eldiariodesanpedro.com.ar\/sitio\/wp-json\/wp\/v2\/tags?post=45271"}],"curies":[{"name":"wp","href":"https:\/\/api.w.org\/{rel}","templated":true}]}}