{"id":45266,"date":"2019-01-02T11:01:27","date_gmt":"2019-01-02T14:01:27","guid":{"rendered":"https:\/\/eldiariodesanpedro.com.ar\/sitio\/?p=45266"},"modified":"2019-01-02T11:01:27","modified_gmt":"2019-01-02T14:01:27","slug":"lima-le-prendieron-fuego-su-casa-busca-ayuda","status":"publish","type":"post","link":"https:\/\/eldiariodesanpedro.com.ar\/sitio\/lima-le-prendieron-fuego-su-casa-busca-ayuda\/","title":{"rendered":"LIMA: Le prendieron fuego su casa, busca ayuda"},"content":{"rendered":"<p><!-- VideographyWP Plugin Message: Automatic video embedding prevented by plugin options. --><br \/>\nMinutos antes de medianoche, una familia de Lima sufri\u00f3 un gran incendio en su vivienda de Barrio Cementerio. Lo perdieron todo, solicitan donaciones. <\/p>\n<p>Dos dotaciones de Bomberos Voluntarios de Lima asistieron a la vivienda ubicada G\u00fcemes al 400 esquina 44, tras un llamado por parte de un vecino que alert\u00f3 sobre las llamas. Al ser de madera, la casa ardi\u00f3 en su totalidad y no qued\u00f3 nada. No hubo heridos, ya que sus habitantes no se encontraban presentes.<\/p>\n<p>Ahora la familia necesita la colaboraci\u00f3n de todos. Se necesitan colchones, ropa, alimentos y ayuda para reconstruir su hogar, por favor comunicarse por redes sociales al Facebook de Karina P\u00e9rez o Ayee Bc.<\/p>\n<p>Fuente: Zarate Alerta (<a href=\"http:\/\/www.zaratealerta.com.ar\">http:\/\/www.zaratealerta.com.ar<\/a>)<\/p>\n<p><img decoding=\"async\" data-attachment-id=\"45267\" data-permalink=\"https:\/\/eldiariodesanpedro.com.ar\/sitio\/lima-le-prendieron-fuego-su-casa-busca-ayuda\/fb_img_1546378907792\/\" data-orig-file=\"https:\/\/eldiariodesanpedro.com.ar\/sitio\/wp-content\/uploads\/2019\/01\/FB_IMG_1546378907792.jpg\" data-orig-size=\"540,960\" data-comments-opened=\"1\" data-image-meta=\"{&quot;aperture&quot;:&quot;0&quot;,&quot;credit&quot;:&quot;&quot;,&quot;camera&quot;:&quot;&quot;,&quot;caption&quot;:&quot;&quot;,&quot;created_timestamp&quot;:&quot;0&quot;,&quot;copyright&quot;:&quot;&quot;,&quot;focal_length&quot;:&quot;0&quot;,&quot;iso&quot;:&quot;0&quot;,&quot;shutter_speed&quot;:&quot;0&quot;,&quot;title&quot;:&quot;&quot;,&quot;orientation&quot;:&quot;0&quot;}\" data-image-title=\"FB_IMG_1546378907792\" data-image-description=\"\" data-image-caption=\"\" data-large-file=\"https:\/\/eldiariodesanpedro.com.ar\/sitio\/wp-content\/uploads\/2019\/01\/FB_IMG_1546378907792.jpg\" data-src=\"https:\/\/eldiariodesanpedro.com.ar\/sitio\/wp-content\/uploads\/2019\/01\/FB_IMG_1546378907792.jpg\" alt=\"\" width=\"540\" height=\"960\" class=\"alignnone size-full wp-image-45267 lazyload\" data-srcset=\"https:\/\/eldiariodesanpedro.com.ar\/sitio\/wp-content\/uploads\/2019\/01\/FB_IMG_1546378907792.jpg 540w, https:\/\/eldiariodesanpedro.com.ar\/sitio\/wp-content\/uploads\/2019\/01\/FB_IMG_1546378907792-169x300.jpg 169w\" data-sizes=\"(max-width: 540px) 100vw, 540px\" src=\"data:image\/svg+xml;base64,PHN2ZyB3aWR0aD0iMSIgaGVpZ2h0PSIxIiB4bWxucz0iaHR0cDovL3d3dy53My5vcmcvMjAwMC9zdmciPjwvc3ZnPg==\" style=\"--smush-placeholder-width: 540px; --smush-placeholder-aspect-ratio: 540\/960;\" \/><\/p>\n","protected":false},"excerpt":{"rendered":"<p>Minutos antes de medianoche, una familia de Lima sufri\u00f3 un gran incendio en su vivienda de Barrio Cementerio. Lo perdieron todo, solicitan donaciones. Dos dotaciones de Bomberos Voluntarios de Lima asistieron a la vivienda ubicada G\u00fcemes al 400 esquina 44, tras un llamado por parte de un vecino que alert\u00f3 sobre las llamas. Al ser [&hellip;]<\/p>\n","protected":false},"author":4,"featured_media":45268,"comment_status":"open","ping_status":"closed","sticky":false,"template":"","format":"standard","meta":{"om_disable_all_campaigns":false,"_jetpack_memberships_contains_paid_content":false,"footnotes":""},"categories":[621],"tags":[],"class_list":["post-45266","post","type-post","status-publish","format-standard","has-post-thumbnail","hentry","category-regionales"],"aioseo_notices":[],"gutentor_comment":0,"jetpack_featured_media_url":"https:\/\/eldiariodesanpedro.com.ar\/sitio\/wp-content\/uploads\/2019\/01\/InShot_20190101_183954011.jpg","jetpack_shortlink":"https:\/\/wp.me\/p6RhLt-bM6","jetpack_sharing_enabled":true,"_links":{"self":[{"href":"https:\/\/eldiariodesanpedro.com.ar\/sitio\/wp-json\/wp\/v2\/posts\/45266","targetHints":{"allow":["GET"]}}],"collection":[{"href":"https:\/\/eldiariodesanpedro.com.ar\/sitio\/wp-json\/wp\/v2\/posts"}],"about":[{"href":"https:\/\/eldiariodesanpedro.com.ar\/sitio\/wp-json\/wp\/v2\/types\/post"}],"author":[{"embeddable":true,"href":"https:\/\/eldiariodesanpedro.com.ar\/sitio\/wp-json\/wp\/v2\/users\/4"}],"replies":[{"embeddable":true,"href":"https:\/\/eldiariodesanpedro.com.ar\/sitio\/wp-json\/wp\/v2\/comments?post=45266"}],"version-history":[{"count":1,"href":"https:\/\/eldiariodesanpedro.com.ar\/sitio\/wp-json\/wp\/v2\/posts\/45266\/revisions"}],"predecessor-version":[{"id":45269,"href":"https:\/\/eldiariodesanpedro.com.ar\/sitio\/wp-json\/wp\/v2\/posts\/45266\/revisions\/45269"}],"wp:featuredmedia":[{"embeddable":true,"href":"https:\/\/eldiariodesanpedro.com.ar\/sitio\/wp-json\/wp\/v2\/media\/45268"}],"wp:attachment":[{"href":"https:\/\/eldiariodesanpedro.com.ar\/sitio\/wp-json\/wp\/v2\/media?parent=45266"}],"wp:term":[{"taxonomy":"category","embeddable":true,"href":"https:\/\/eldiariodesanpedro.com.ar\/sitio\/wp-json\/wp\/v2\/categories?post=45266"},{"taxonomy":"post_tag","embeddable":true,"href":"https:\/\/eldiariodesanpedro.com.ar\/sitio\/wp-json\/wp\/v2\/tags?post=45266"}],"curies":[{"name":"wp","href":"https:\/\/api.w.org\/{rel}","templated":true}]}}