{"id":45261,"date":"2019-01-02T10:55:41","date_gmt":"2019-01-02T13:55:41","guid":{"rendered":"https:\/\/eldiariodesanpedro.com.ar\/sitio\/?p=45261"},"modified":"2019-01-02T10:55:41","modified_gmt":"2019-01-02T13:55:41","slug":"baradero-accidente-en-el-acceso-a-la-localidad","status":"publish","type":"post","link":"https:\/\/eldiariodesanpedro.com.ar\/sitio\/baradero-accidente-en-el-acceso-a-la-localidad\/","title":{"rendered":"BARADERO: Accidente en el acceso a la localidad"},"content":{"rendered":"<p><!-- VideographyWP Plugin Message: Automatic video embedding prevented by plugin options. --><br \/>\nEn el d\u00eda martes, siendo 09:30 hs, y en circunstancias que se tratan de establecer, un rodado Renault Kangoo negro ingresaba a la ciudad, proveniente de la Ruta Nac. N\u00b0 9, guiada por familia oriunda de Escobar.<\/p>\n<p>En momentos que cruza la salida del acceso con fines de retomar la Ruta 41 para dirigirse a la zona ribere\u00f1a, es colisionada en la parte trasera lado derecho, por un autom\u00f3vil VW Gol Trend gris ocupado por un masculino de Baradero, el cual sal\u00eda desde interior de la ciudad hacia Ruta 9.<\/p>\n<p>Como consecuencia, la camioneta produce un vuelco, y resulta lesionado un hijo menor de 13 a\u00f1os que es trasladado por la ambulancia del Same al hospital local.<\/p>\n<p>Los restantes ocupantes de ambos rodado resultaron ilesos.<\/p>\n<p>El examen m\u00e9dico dictamina que el menor ten\u00eda lesiones de car\u00e1cter leves.- Interviene UFI Nro. 8 Baradero.<\/p>\n<p>Fuente: Baradero Te Informa (<a href=\"https:\/\/www.baraderoteinforma.com.ar\">https:\/\/www.baraderoteinforma.com.ar<\/a>)<\/p>\n<p><img decoding=\"async\" data-attachment-id=\"45264\" data-permalink=\"https:\/\/eldiariodesanpedro.com.ar\/sitio\/baradero-accidente-en-el-acceso-a-la-localidad\/49688683_217424899193638_32083762183405568_n\/\" data-orig-file=\"https:\/\/eldiariodesanpedro.com.ar\/sitio\/wp-content\/uploads\/2019\/01\/49688683_217424899193638_32083762183405568_n.jpg\" data-orig-size=\"720,960\" data-comments-opened=\"1\" data-image-meta=\"{&quot;aperture&quot;:&quot;0&quot;,&quot;credit&quot;:&quot;&quot;,&quot;camera&quot;:&quot;&quot;,&quot;caption&quot;:&quot;&quot;,&quot;created_timestamp&quot;:&quot;0&quot;,&quot;copyright&quot;:&quot;&quot;,&quot;focal_length&quot;:&quot;0&quot;,&quot;iso&quot;:&quot;0&quot;,&quot;shutter_speed&quot;:&quot;0&quot;,&quot;title&quot;:&quot;&quot;,&quot;orientation&quot;:&quot;0&quot;}\" data-image-title=\"49688683_217424899193638_32083762183405568_n\" data-image-description=\"\" data-image-caption=\"\" data-large-file=\"https:\/\/eldiariodesanpedro.com.ar\/sitio\/wp-content\/uploads\/2019\/01\/49688683_217424899193638_32083762183405568_n.jpg\" data-src=\"https:\/\/eldiariodesanpedro.com.ar\/sitio\/wp-content\/uploads\/2019\/01\/49688683_217424899193638_32083762183405568_n.jpg\" alt=\"\" width=\"720\" height=\"960\" class=\"alignnone size-full wp-image-45264 lazyload\" data-srcset=\"https:\/\/eldiariodesanpedro.com.ar\/sitio\/wp-content\/uploads\/2019\/01\/49688683_217424899193638_32083762183405568_n.jpg 720w, https:\/\/eldiariodesanpedro.com.ar\/sitio\/wp-content\/uploads\/2019\/01\/49688683_217424899193638_32083762183405568_n-225x300.jpg 225w\" data-sizes=\"(max-width: 720px) 100vw, 720px\" src=\"data:image\/svg+xml;base64,PHN2ZyB3aWR0aD0iMSIgaGVpZ2h0PSIxIiB4bWxucz0iaHR0cDovL3d3dy53My5vcmcvMjAwMC9zdmciPjwvc3ZnPg==\" style=\"--smush-placeholder-width: 720px; --smush-placeholder-aspect-ratio: 720\/960;\" \/><\/p>\n<p><img decoding=\"async\" data-attachment-id=\"45262\" data-permalink=\"https:\/\/eldiariodesanpedro.com.ar\/sitio\/baradero-accidente-en-el-acceso-a-la-localidad\/49155690_320359078581215_4970472098683158528_n\/\" data-orig-file=\"https:\/\/eldiariodesanpedro.com.ar\/sitio\/wp-content\/uploads\/2019\/01\/49155690_320359078581215_4970472098683158528_n.jpg\" data-orig-size=\"720,960\" data-comments-opened=\"1\" data-image-meta=\"{&quot;aperture&quot;:&quot;0&quot;,&quot;credit&quot;:&quot;&quot;,&quot;camera&quot;:&quot;&quot;,&quot;caption&quot;:&quot;&quot;,&quot;created_timestamp&quot;:&quot;0&quot;,&quot;copyright&quot;:&quot;&quot;,&quot;focal_length&quot;:&quot;0&quot;,&quot;iso&quot;:&quot;0&quot;,&quot;shutter_speed&quot;:&quot;0&quot;,&quot;title&quot;:&quot;&quot;,&quot;orientation&quot;:&quot;0&quot;}\" data-image-title=\"49155690_320359078581215_4970472098683158528_n\" data-image-description=\"\" data-image-caption=\"\" data-large-file=\"https:\/\/eldiariodesanpedro.com.ar\/sitio\/wp-content\/uploads\/2019\/01\/49155690_320359078581215_4970472098683158528_n.jpg\" data-src=\"https:\/\/eldiariodesanpedro.com.ar\/sitio\/wp-content\/uploads\/2019\/01\/49155690_320359078581215_4970472098683158528_n.jpg\" alt=\"\" width=\"720\" height=\"960\" class=\"alignnone size-full wp-image-45262 lazyload\" data-srcset=\"https:\/\/eldiariodesanpedro.com.ar\/sitio\/wp-content\/uploads\/2019\/01\/49155690_320359078581215_4970472098683158528_n.jpg 720w, https:\/\/eldiariodesanpedro.com.ar\/sitio\/wp-content\/uploads\/2019\/01\/49155690_320359078581215_4970472098683158528_n-225x300.jpg 225w\" data-sizes=\"(max-width: 720px) 100vw, 720px\" src=\"data:image\/svg+xml;base64,PHN2ZyB3aWR0aD0iMSIgaGVpZ2h0PSIxIiB4bWxucz0iaHR0cDovL3d3dy53My5vcmcvMjAwMC9zdmciPjwvc3ZnPg==\" style=\"--smush-placeholder-width: 720px; --smush-placeholder-aspect-ratio: 720\/960;\" \/><\/p>\n","protected":false},"excerpt":{"rendered":"<p>En el d\u00eda martes, siendo 09:30 hs, y en circunstancias que se tratan de establecer, un rodado Renault Kangoo negro ingresaba a la ciudad, proveniente de la Ruta Nac. N\u00b0 9, guiada por familia oriunda de Escobar. En momentos que cruza la salida del acceso con fines de retomar la Ruta 41 para dirigirse a [&hellip;]<\/p>\n","protected":false},"author":4,"featured_media":45263,"comment_status":"open","ping_status":"closed","sticky":false,"template":"","format":"standard","meta":{"om_disable_all_campaigns":false,"_jetpack_memberships_contains_paid_content":false,"footnotes":""},"categories":[621],"tags":[],"class_list":["post-45261","post","type-post","status-publish","format-standard","has-post-thumbnail","hentry","category-regionales"],"aioseo_notices":[],"gutentor_comment":0,"jetpack_featured_media_url":"https:\/\/eldiariodesanpedro.com.ar\/sitio\/wp-content\/uploads\/2019\/01\/49204879_2266788140258211_2994456361321889792_n.jpg","jetpack_shortlink":"https:\/\/wp.me\/p6RhLt-bM1","jetpack_sharing_enabled":true,"_links":{"self":[{"href":"https:\/\/eldiariodesanpedro.com.ar\/sitio\/wp-json\/wp\/v2\/posts\/45261","targetHints":{"allow":["GET"]}}],"collection":[{"href":"https:\/\/eldiariodesanpedro.com.ar\/sitio\/wp-json\/wp\/v2\/posts"}],"about":[{"href":"https:\/\/eldiariodesanpedro.com.ar\/sitio\/wp-json\/wp\/v2\/types\/post"}],"author":[{"embeddable":true,"href":"https:\/\/eldiariodesanpedro.com.ar\/sitio\/wp-json\/wp\/v2\/users\/4"}],"replies":[{"embeddable":true,"href":"https:\/\/eldiariodesanpedro.com.ar\/sitio\/wp-json\/wp\/v2\/comments?post=45261"}],"version-history":[{"count":1,"href":"https:\/\/eldiariodesanpedro.com.ar\/sitio\/wp-json\/wp\/v2\/posts\/45261\/revisions"}],"predecessor-version":[{"id":45265,"href":"https:\/\/eldiariodesanpedro.com.ar\/sitio\/wp-json\/wp\/v2\/posts\/45261\/revisions\/45265"}],"wp:featuredmedia":[{"embeddable":true,"href":"https:\/\/eldiariodesanpedro.com.ar\/sitio\/wp-json\/wp\/v2\/media\/45263"}],"wp:attachment":[{"href":"https:\/\/eldiariodesanpedro.com.ar\/sitio\/wp-json\/wp\/v2\/media?parent=45261"}],"wp:term":[{"taxonomy":"category","embeddable":true,"href":"https:\/\/eldiariodesanpedro.com.ar\/sitio\/wp-json\/wp\/v2\/categories?post=45261"},{"taxonomy":"post_tag","embeddable":true,"href":"https:\/\/eldiariodesanpedro.com.ar\/sitio\/wp-json\/wp\/v2\/tags?post=45261"}],"curies":[{"name":"wp","href":"https:\/\/api.w.org\/{rel}","templated":true}]}}