{"id":45258,"date":"2019-01-02T10:46:49","date_gmt":"2019-01-02T13:46:49","guid":{"rendered":"https:\/\/eldiariodesanpedro.com.ar\/sitio\/?p=45258"},"modified":"2019-01-02T10:47:28","modified_gmt":"2019-01-02T13:47:28","slug":"san-nicolas-efectivos-policiales-fueron-agredidos-por-50-personas-en-enfrentamiento-en-zona-norte","status":"publish","type":"post","link":"https:\/\/eldiariodesanpedro.com.ar\/sitio\/san-nicolas-efectivos-policiales-fueron-agredidos-por-50-personas-en-enfrentamiento-en-zona-norte\/","title":{"rendered":"SAN NICOL\u00c1S: Efectivos policiales fueron agredidos por 50 personas en enfrentamiento en zona norte"},"content":{"rendered":"<p><!-- VideographyWP Plugin Message: Automatic video embedding prevented by plugin options. --><br \/>\nEl hecho ocurri\u00f3 este s\u00e1bado pasado en inmediaciones del Polideportivo de barrio Moreno. Dos efectivos policiales fueron agredidos cuando intervinieron en una discusi\u00f3n entre dos hombres.<\/p>\n<p>Un grupo de alrededor de 50 personas comenzaron a golpearlos y a arrojar piedras hacia las unidades policiales.<\/p>\n<p>Los oficiales Santiago D\u00edaz y Mariela Lacone sufrieron lesiones de car\u00e1cter leves. En tanto que los patrulleros fueron da\u00f1ados en el paragolpe trasero y parabrisas.<\/p>\n<p>Por el hecho, se labraron actuaciones por Lesiones Leves y Da\u00f1os. Se logr\u00f3 la aprehensi\u00f3n de uno de los agresores, que result\u00f3 ser menor de edad. <\/p>\n<p>A los minutos, todo el grupo de atacantes, se concentr\u00f3 en sede de la Comisar\u00eda Tercera pidiendo la liberaci\u00f3n del joven. Los \u00e1nimos lograron calmarse, y luego de las diligencias de rigor, se dispers\u00f3 el conflicto.<\/p>\n<p>Fuente: Diario El Informante (<a href=\"http:\/\/www.diarioelinformante.com.ar\">http:\/\/www.diarioelinformante.com.ar<\/a>)<\/p>\n","protected":false},"excerpt":{"rendered":"<p>El hecho ocurri\u00f3 este s\u00e1bado pasado en inmediaciones del Polideportivo de barrio Moreno. Dos efectivos policiales fueron agredidos cuando intervinieron en una discusi\u00f3n entre dos hombres. Un grupo de alrededor de 50 personas comenzaron a golpearlos y a arrojar piedras hacia las unidades policiales. Los oficiales Santiago D\u00edaz y Mariela Lacone sufrieron lesiones de car\u00e1cter [&hellip;]<\/p>\n","protected":false},"author":4,"featured_media":45260,"comment_status":"open","ping_status":"closed","sticky":false,"template":"","format":"standard","meta":{"om_disable_all_campaigns":false,"_jetpack_memberships_contains_paid_content":false,"footnotes":""},"categories":[621],"tags":[],"class_list":["post-45258","post","type-post","status-publish","format-standard","has-post-thumbnail","hentry","category-regionales"],"aioseo_notices":[],"gutentor_comment":0,"jetpack_featured_media_url":"https:\/\/eldiariodesanpedro.com.ar\/sitio\/wp-content\/uploads\/2019\/01\/no_62it3h5kf1i1z9upatru.jpg","jetpack_shortlink":"https:\/\/wp.me\/p6RhLt-bLY","jetpack_sharing_enabled":true,"_links":{"self":[{"href":"https:\/\/eldiariodesanpedro.com.ar\/sitio\/wp-json\/wp\/v2\/posts\/45258","targetHints":{"allow":["GET"]}}],"collection":[{"href":"https:\/\/eldiariodesanpedro.com.ar\/sitio\/wp-json\/wp\/v2\/posts"}],"about":[{"href":"https:\/\/eldiariodesanpedro.com.ar\/sitio\/wp-json\/wp\/v2\/types\/post"}],"author":[{"embeddable":true,"href":"https:\/\/eldiariodesanpedro.com.ar\/sitio\/wp-json\/wp\/v2\/users\/4"}],"replies":[{"embeddable":true,"href":"https:\/\/eldiariodesanpedro.com.ar\/sitio\/wp-json\/wp\/v2\/comments?post=45258"}],"version-history":[{"count":1,"href":"https:\/\/eldiariodesanpedro.com.ar\/sitio\/wp-json\/wp\/v2\/posts\/45258\/revisions"}],"predecessor-version":[{"id":45259,"href":"https:\/\/eldiariodesanpedro.com.ar\/sitio\/wp-json\/wp\/v2\/posts\/45258\/revisions\/45259"}],"wp:featuredmedia":[{"embeddable":true,"href":"https:\/\/eldiariodesanpedro.com.ar\/sitio\/wp-json\/wp\/v2\/media\/45260"}],"wp:attachment":[{"href":"https:\/\/eldiariodesanpedro.com.ar\/sitio\/wp-json\/wp\/v2\/media?parent=45258"}],"wp:term":[{"taxonomy":"category","embeddable":true,"href":"https:\/\/eldiariodesanpedro.com.ar\/sitio\/wp-json\/wp\/v2\/categories?post=45258"},{"taxonomy":"post_tag","embeddable":true,"href":"https:\/\/eldiariodesanpedro.com.ar\/sitio\/wp-json\/wp\/v2\/tags?post=45258"}],"curies":[{"name":"wp","href":"https:\/\/api.w.org\/{rel}","templated":true}]}}