{"id":45253,"date":"2019-01-02T10:43:03","date_gmt":"2019-01-02T13:43:03","guid":{"rendered":"https:\/\/eldiariodesanpedro.com.ar\/sitio\/?p=45253"},"modified":"2019-01-02T10:43:03","modified_gmt":"2019-01-02T13:43:03","slug":"arrecifes-batalla-campal-en-un-bar-termina-con-una-joven-desfigurada","status":"publish","type":"post","link":"https:\/\/eldiariodesanpedro.com.ar\/sitio\/arrecifes-batalla-campal-en-un-bar-termina-con-una-joven-desfigurada\/","title":{"rendered":"ARRECIFES: Batalla campal en un bar termina con una joven desfigurada"},"content":{"rendered":"<p><!-- VideographyWP Plugin Message: Automatic video embedding prevented by plugin options. --><br \/>\nUna brutal pelea entre bandas ocurrida en la madrugada del domingo en un bar de Arrecifes termin\u00f3 con una chica desfigurada, entre otros da\u00f1os y lesionados.<\/p>\n<p>La joven, mujer de uno de los m\u00fasicos, trataba de resguardarse de la batalla campal cuando recibi\u00f3 el golpe de un vaso en su rostro.<\/p>\n<p>Esto escribi\u00f3 Melu Domici en su muro de Facebook:<br \/>\nEsta era yo, el sabado 28 de diciembre, lista para despues de muchos meses ,salir un ratito porque mati tocaba con si banda y yo como de costumbre le banco los trapos a donde sea, pero a las 4 am ,cuando estaba contando lo recaudado de las entradas y mientras el desarmaba la bater\u00eda, ya a punto de irnos a casa, los inadaptados de siempre, los hijos de mil que lo \u00fanico que hacen es arruinar vidas, comenzaron a pelearse,desat\u00e1ndose una batalla campal en la que volaban mesas,sillas , botellas y cualquier cosa que se cruzara en su camino. Mati me dice: amor escondete detras de la barra y alla fui, muy asustada junto a otros dos chicas,nos metimos en la cocina del bar y ante la desesperaci\u00f3n de que mat\u00edas quedara parado en el medio sin resguardo alguno, salgo r\u00e1pido a decirle que corra a la cocina ( mientras volaba de todo) y en eso siento una explosi\u00f3n en mi cara. TIRARON DESDE LA CALLE HACIA ADENTRO, UN VASO DE VIDRIO QUE ME ESTALLO EN LA CARA. Escupiendo los dientes sal\u00ed pidiendo ayuda, en un ataque de nervios infernal, y aca estoy,despues de un d\u00eda internada , con inyecciones, hielo , 4 dientes rotos ( los frontales ) que no es poca cosa, mi cara desfigurada, sin poder probar siquiera un bocado de alimento, en la espera de saber si tengo quebrada la mand\u00edbula, que por la hinchaz\u00f3n no se puede ver, medicada y dolorida. Pero principalmente llena de impotencia, de bronca, de miedos.<br \/>\nDe ahora en mas mi 2018 termina y mi 2019 comienza de viaje de medico en medico culpa de esta pelea entre bandas que se llevo mi felicidad,mis ganas de todo\u2026 sin tener nada que ver, me arruinaron la vida, y ne tengo que conformar con escuchar: la sacaste barata,te podr\u00edan haber matado.<br \/>\nY yo me pregunto\u2026 \u00bfhasta donde llega la violencia? Cuanto mas tenemos que soportar la intolerancia de estos inadaptados? que se encargan de arruinar todo lo que no es suyo\u2026 ellos est\u00e1n como si nada, en su casa, van a festejar a\u00f1o nuevo y yo, as\u00ed! Rota por dentro y por fuera, sin poder creer todo lo que me esta pasando. Como sociedad debemos replantearnos muchas cosas. \u00bfeste es el futuro que queremos para nuestros hijos ?<br \/>\nAs\u00ed se llevan la vida de mucha gente inocente ,hoy fui yo, pero ma\u00f1ana puede ser tu hijo o hija , el que termine en el hospital.<br \/>\nYo hoy estoy lejos de mis hijos, de 5 y 1 a\u00f1o, los cuales no pueden verme asi, por que tiene que pasar? Si yo no hice nada ? Porque a mi? Es lo que me pregunto todo el tiempo.<\/p>\n<p>Agradezco a todos los que estuvieron y est\u00e1n a mi lado en este momento que me toca pasar. No sera un feliz a\u00f1o. Pero solo espero que todo vuelva a la normalidad. Esta era yo, el sabado 28 de diciembre, lista para despu\u00e9s de muchos meses ,salir un ratito porque mati tocaba con si banda y yo como de costumbre le banco los trapos a donde sea, pero a las 4 am ,cuando estaba contando lo recaudado de las entradas y mientras el desarmaba la bater\u00eda, ya a punto de irnos a casa, los inadaptados de siempre, los hijos de mil que lo \u00fanico que hacen es arruinar vidas, comenzaron a pelearse,desat\u00e1ndose una batalla campal en la que volaban mesas,sillas , botellas y cualquier cosa que se cruzara en su camino. Mati me dice: amor escondete detras de la barra y alla fui, muy asustada junto a otros dos chicas,nos metimos en la cocina del bar y ante la desesperaci\u00f3n de que mat\u00edas quedara parado en el medio sin resguardo alguno, salgo r\u00e1pido a decirle que corra a la cocina ( mientras volaba de todo) y en eso siento una explosi\u00f3n en mi cara. TIRARON DESDE LA CALLE HACIA ADENTRO, UN VASO DE VIDRIO QUE ME ESTALL\u00d3 EN LA CARA. Escupiendo los dientes sal\u00ed pidiendo ayuda, en un ataque de nervios infernal, y aca estoy,despues de un d\u00eda internada , con inyecciones, hielo , 4 dientes rotos ( los frontales ) que no es poca cosa, mi cara desfigurada, sin poder probar siquiera un bocado de alimento, en la espera de saber si tengo quebrada la mand\u00edbula, que por la hinchaz\u00f3n no se puede ver, medicada y dolorida. Pero principalmente llena de impotencia, de bronca, de miedos.<br \/>\nDe ahora en mas mi 2018 termina y mi 2019 comienza de viaje de medico en medico culpa de esta pelea entre bandas que se llevo mi felicidad,mis ganas de todo\u2026 sin tener nada que ver, me arruinaron la vida, y ne tengo que conformar con escuchar: la sacaste barata,te podr\u00edan haber matado.<br \/>\nY yo me pregunto\u2026 \u00bfhasta donde llega la violencia? Cuanto mas tenemos que soportar la intolerancia de estos inadaptados? que se encargan de arruinar todo lo que no es suyo\u2026 ellos est\u00e1n como si nada, en su casa, van a festejar a\u00f1o nuevo y yo, as\u00ed! Rota por dentro y por fuera, sin poder creer todo lo que me esta pasando. Como sociedad debemos replantearnos muchas cosas. \u00bfeste es el futuro que queremos para nuestros hijos ?<br \/>\nAs\u00ed se llevan la vida de mucha gente inocente ,hoy fui yo, pero ma\u00f1ana puede ser tu hijo o hija , el que termine en el hospital.<br \/>\nYo hoy estoy lejos de mis hijos, de 5 y 1 a\u00f1o, los cuales no pueden verme asi, por que tiene que pasar ? Si yo no hice nada ? Porque a mi? Es lo que me pregunto todo el tiempo.<br \/>\nAgradezco a todos los que estuvieron y est\u00e1n a mi lado en este momento que me toca pasar. No ser\u00e1 un feliz a\u00f1o. Pero solo espero que todo vuelva a la normalidad.<\/p>\n<p><img decoding=\"async\" data-attachment-id=\"45256\" data-permalink=\"https:\/\/eldiariodesanpedro.com.ar\/sitio\/arrecifes-batalla-campal-en-un-bar-termina-con-una-joven-desfigurada\/melu-domici-3\/\" data-orig-file=\"https:\/\/eldiariodesanpedro.com.ar\/sitio\/wp-content\/uploads\/2019\/01\/Melu-Domici-3.jpg\" data-orig-size=\"709,549\" data-comments-opened=\"1\" data-image-meta=\"{&quot;aperture&quot;:&quot;0&quot;,&quot;credit&quot;:&quot;&quot;,&quot;camera&quot;:&quot;&quot;,&quot;caption&quot;:&quot;&quot;,&quot;created_timestamp&quot;:&quot;0&quot;,&quot;copyright&quot;:&quot;&quot;,&quot;focal_length&quot;:&quot;0&quot;,&quot;iso&quot;:&quot;0&quot;,&quot;shutter_speed&quot;:&quot;0&quot;,&quot;title&quot;:&quot;&quot;,&quot;orientation&quot;:&quot;0&quot;}\" data-image-title=\"Melu-Domici-3\" data-image-description=\"\" data-image-caption=\"\" data-large-file=\"https:\/\/eldiariodesanpedro.com.ar\/sitio\/wp-content\/uploads\/2019\/01\/Melu-Domici-3.jpg\" data-src=\"https:\/\/eldiariodesanpedro.com.ar\/sitio\/wp-content\/uploads\/2019\/01\/Melu-Domici-3.jpg\" alt=\"\" width=\"709\" height=\"549\" class=\"alignnone size-full wp-image-45256 lazyload\" data-srcset=\"https:\/\/eldiariodesanpedro.com.ar\/sitio\/wp-content\/uploads\/2019\/01\/Melu-Domici-3.jpg 709w, https:\/\/eldiariodesanpedro.com.ar\/sitio\/wp-content\/uploads\/2019\/01\/Melu-Domici-3-300x232.jpg 300w\" data-sizes=\"(max-width: 709px) 100vw, 709px\" src=\"data:image\/svg+xml;base64,PHN2ZyB3aWR0aD0iMSIgaGVpZ2h0PSIxIiB4bWxucz0iaHR0cDovL3d3dy53My5vcmcvMjAwMC9zdmciPjwvc3ZnPg==\" style=\"--smush-placeholder-width: 709px; --smush-placeholder-aspect-ratio: 709\/549;\" \/><\/p>\n<p><img decoding=\"async\" data-attachment-id=\"45254\" data-permalink=\"https:\/\/eldiariodesanpedro.com.ar\/sitio\/arrecifes-batalla-campal-en-un-bar-termina-con-una-joven-desfigurada\/melu-domici\/\" data-orig-file=\"https:\/\/eldiariodesanpedro.com.ar\/sitio\/wp-content\/uploads\/2019\/01\/Melu-Domici.jpg\" data-orig-size=\"700,521\" data-comments-opened=\"1\" data-image-meta=\"{&quot;aperture&quot;:&quot;0&quot;,&quot;credit&quot;:&quot;&quot;,&quot;camera&quot;:&quot;&quot;,&quot;caption&quot;:&quot;&quot;,&quot;created_timestamp&quot;:&quot;0&quot;,&quot;copyright&quot;:&quot;&quot;,&quot;focal_length&quot;:&quot;0&quot;,&quot;iso&quot;:&quot;0&quot;,&quot;shutter_speed&quot;:&quot;0&quot;,&quot;title&quot;:&quot;&quot;,&quot;orientation&quot;:&quot;0&quot;}\" data-image-title=\"Melu-Domici\" data-image-description=\"\" data-image-caption=\"\" data-large-file=\"https:\/\/eldiariodesanpedro.com.ar\/sitio\/wp-content\/uploads\/2019\/01\/Melu-Domici.jpg\" data-src=\"https:\/\/eldiariodesanpedro.com.ar\/sitio\/wp-content\/uploads\/2019\/01\/Melu-Domici.jpg\" alt=\"\" width=\"700\" height=\"521\" class=\"alignnone size-full wp-image-45254 lazyload\" data-srcset=\"https:\/\/eldiariodesanpedro.com.ar\/sitio\/wp-content\/uploads\/2019\/01\/Melu-Domici.jpg 700w, https:\/\/eldiariodesanpedro.com.ar\/sitio\/wp-content\/uploads\/2019\/01\/Melu-Domici-300x223.jpg 300w\" data-sizes=\"(max-width: 700px) 100vw, 700px\" src=\"data:image\/svg+xml;base64,PHN2ZyB3aWR0aD0iMSIgaGVpZ2h0PSIxIiB4bWxucz0iaHR0cDovL3d3dy53My5vcmcvMjAwMC9zdmciPjwvc3ZnPg==\" style=\"--smush-placeholder-width: 700px; --smush-placeholder-aspect-ratio: 700\/521;\" \/><\/p>\n","protected":false},"excerpt":{"rendered":"<p>Una brutal pelea entre bandas ocurrida en la madrugada del domingo en un bar de Arrecifes termin\u00f3 con una chica desfigurada, entre otros da\u00f1os y lesionados. La joven, mujer de uno de los m\u00fasicos, trataba de resguardarse de la batalla campal cuando recibi\u00f3 el golpe de un vaso en su rostro. Esto escribi\u00f3 Melu Domici [&hellip;]<\/p>\n","protected":false},"author":4,"featured_media":45255,"comment_status":"open","ping_status":"closed","sticky":false,"template":"","format":"standard","meta":{"om_disable_all_campaigns":false,"_jetpack_memberships_contains_paid_content":false,"footnotes":""},"categories":[621],"tags":[],"class_list":["post-45253","post","type-post","status-publish","format-standard","has-post-thumbnail","hentry","category-regionales"],"aioseo_notices":[],"gutentor_comment":0,"jetpack_featured_media_url":"https:\/\/eldiariodesanpedro.com.ar\/sitio\/wp-content\/uploads\/2019\/01\/Melu-Domici-2.jpg","jetpack_shortlink":"https:\/\/wp.me\/p6RhLt-bLT","jetpack_sharing_enabled":true,"_links":{"self":[{"href":"https:\/\/eldiariodesanpedro.com.ar\/sitio\/wp-json\/wp\/v2\/posts\/45253","targetHints":{"allow":["GET"]}}],"collection":[{"href":"https:\/\/eldiariodesanpedro.com.ar\/sitio\/wp-json\/wp\/v2\/posts"}],"about":[{"href":"https:\/\/eldiariodesanpedro.com.ar\/sitio\/wp-json\/wp\/v2\/types\/post"}],"author":[{"embeddable":true,"href":"https:\/\/eldiariodesanpedro.com.ar\/sitio\/wp-json\/wp\/v2\/users\/4"}],"replies":[{"embeddable":true,"href":"https:\/\/eldiariodesanpedro.com.ar\/sitio\/wp-json\/wp\/v2\/comments?post=45253"}],"version-history":[{"count":1,"href":"https:\/\/eldiariodesanpedro.com.ar\/sitio\/wp-json\/wp\/v2\/posts\/45253\/revisions"}],"predecessor-version":[{"id":45257,"href":"https:\/\/eldiariodesanpedro.com.ar\/sitio\/wp-json\/wp\/v2\/posts\/45253\/revisions\/45257"}],"wp:featuredmedia":[{"embeddable":true,"href":"https:\/\/eldiariodesanpedro.com.ar\/sitio\/wp-json\/wp\/v2\/media\/45255"}],"wp:attachment":[{"href":"https:\/\/eldiariodesanpedro.com.ar\/sitio\/wp-json\/wp\/v2\/media?parent=45253"}],"wp:term":[{"taxonomy":"category","embeddable":true,"href":"https:\/\/eldiariodesanpedro.com.ar\/sitio\/wp-json\/wp\/v2\/categories?post=45253"},{"taxonomy":"post_tag","embeddable":true,"href":"https:\/\/eldiariodesanpedro.com.ar\/sitio\/wp-json\/wp\/v2\/tags?post=45253"}],"curies":[{"name":"wp","href":"https:\/\/api.w.org\/{rel}","templated":true}]}}