{"id":45247,"date":"2019-01-02T10:23:04","date_gmt":"2019-01-02T13:23:04","guid":{"rendered":"https:\/\/eldiariodesanpedro.com.ar\/sitio\/?p=45247"},"modified":"2019-01-02T10:23:04","modified_gmt":"2019-01-02T13:23:04","slug":"un-aprehendido-por-agredir-a-su-hermana","status":"publish","type":"post","link":"https:\/\/eldiariodesanpedro.com.ar\/sitio\/un-aprehendido-por-agredir-a-su-hermana\/","title":{"rendered":"Un aprehendido por agredir a su hermana"},"content":{"rendered":"<p><!-- VideographyWP Plugin Message: Automatic video embedding prevented by plugin options. --><br \/>\nEste pasado martes en horas de la madrugada, alrededor de las 06:40 hs la polic\u00eda alertada por el servicio 911 acude a un domicilio ubicado en calle  D\u00e1vila al 300, donde se aprehende a un sujeto de 32 a\u00f1os, en estado excitaci\u00f3n. <\/p>\n<p>Instantes antes agredi\u00f3 f\u00edsicamente a su hermana de 24 a\u00f1os, da\u00f1andole prendas de vestir, rompiendo silla de pl\u00e1stico, y amedrentar grupo familiar. <\/p>\n<p>La v\u00edctima sufri\u00f3 lesiones leves y fue dada r\u00e1pidamente de alta en el nosocomio local recibiendo las atenciones necesarias en la Comisar\u00eda de la Mujer posteriormente, por su parte el agresor fue alojado sede policial.<\/p>\n","protected":false},"excerpt":{"rendered":"<p>Este pasado martes en horas de la madrugada, alrededor de las 06:40 hs la polic\u00eda alertada por el servicio 911 acude a un domicilio ubicado en calle D\u00e1vila al 300, donde se aprehende a un sujeto de 32 a\u00f1os, en estado excitaci\u00f3n. Instantes antes agredi\u00f3 f\u00edsicamente a su hermana de 24 a\u00f1os, da\u00f1andole prendas de [&hellip;]<\/p>\n","protected":false},"author":4,"featured_media":20446,"comment_status":"open","ping_status":"closed","sticky":false,"template":"","format":"standard","meta":{"om_disable_all_campaigns":false,"_jetpack_memberships_contains_paid_content":false,"footnotes":""},"categories":[2,103],"tags":[],"class_list":["post-45247","post","type-post","status-publish","format-standard","has-post-thumbnail","hentry","category-locales","category-policiales-locales"],"aioseo_notices":[],"gutentor_comment":0,"jetpack_featured_media_url":"https:\/\/eldiariodesanpedro.com.ar\/sitio\/wp-content\/uploads\/2017\/07\/detenido-3-1.jpg","jetpack_shortlink":"https:\/\/wp.me\/p6RhLt-bLN","jetpack_sharing_enabled":true,"_links":{"self":[{"href":"https:\/\/eldiariodesanpedro.com.ar\/sitio\/wp-json\/wp\/v2\/posts\/45247","targetHints":{"allow":["GET"]}}],"collection":[{"href":"https:\/\/eldiariodesanpedro.com.ar\/sitio\/wp-json\/wp\/v2\/posts"}],"about":[{"href":"https:\/\/eldiariodesanpedro.com.ar\/sitio\/wp-json\/wp\/v2\/types\/post"}],"author":[{"embeddable":true,"href":"https:\/\/eldiariodesanpedro.com.ar\/sitio\/wp-json\/wp\/v2\/users\/4"}],"replies":[{"embeddable":true,"href":"https:\/\/eldiariodesanpedro.com.ar\/sitio\/wp-json\/wp\/v2\/comments?post=45247"}],"version-history":[{"count":1,"href":"https:\/\/eldiariodesanpedro.com.ar\/sitio\/wp-json\/wp\/v2\/posts\/45247\/revisions"}],"predecessor-version":[{"id":45248,"href":"https:\/\/eldiariodesanpedro.com.ar\/sitio\/wp-json\/wp\/v2\/posts\/45247\/revisions\/45248"}],"wp:featuredmedia":[{"embeddable":true,"href":"https:\/\/eldiariodesanpedro.com.ar\/sitio\/wp-json\/wp\/v2\/media\/20446"}],"wp:attachment":[{"href":"https:\/\/eldiariodesanpedro.com.ar\/sitio\/wp-json\/wp\/v2\/media?parent=45247"}],"wp:term":[{"taxonomy":"category","embeddable":true,"href":"https:\/\/eldiariodesanpedro.com.ar\/sitio\/wp-json\/wp\/v2\/categories?post=45247"},{"taxonomy":"post_tag","embeddable":true,"href":"https:\/\/eldiariodesanpedro.com.ar\/sitio\/wp-json\/wp\/v2\/tags?post=45247"}],"curies":[{"name":"wp","href":"https:\/\/api.w.org\/{rel}","templated":true}]}}