{"id":45241,"date":"2019-01-02T10:02:51","date_gmt":"2019-01-02T13:02:51","guid":{"rendered":"https:\/\/eldiariodesanpedro.com.ar\/sitio\/?p=45241"},"modified":"2019-01-02T10:13:39","modified_gmt":"2019-01-02T13:13:39","slug":"dos-aprehendidos-por-provocar-danos-y-alterar-el-orden-en-los-festejos-de-ano-nuevo","status":"publish","type":"post","link":"https:\/\/eldiariodesanpedro.com.ar\/sitio\/dos-aprehendidos-por-provocar-danos-y-alterar-el-orden-en-los-festejos-de-ano-nuevo\/","title":{"rendered":"Dos aprehendidos por provocar da\u00f1os y alterar el orden en los festejos de a\u00f1o nuevo"},"content":{"rendered":"<p><!-- VideographyWP Plugin Message: Automatic video embedding prevented by plugin options. --><br \/>\nOcurrieron varios il\u00edcitos en la fiesta que se realiz\u00f3 en la plazoleta Fray Cayetano Rodriguez donde ciudadanos una gran cantidad de ciudadanos decidieron recibir el nuevo a\u00f1o llevando su conservadora y pasando con amigos.<\/p>\n<p>Pasadas las 06 hs la polic\u00eda tom\u00f3 intervenci\u00f3n en calle Mitre y Per\u00f3n, donde se aprehende en fuga a un sujeto de 18 a\u00f1os de edad, quien arrojando botella intencional, da\u00f1a luneta m\u00f3vil Inspecci\u00f3n Municipal quien patrullaba la zona controlando la gran cantidad de ciudadanos, y continuando raid delictivo da\u00f1a vidrios furg\u00f3n Ford, estacionado Mitre y Paran\u00e1, propiedad de un ciudadano de 38 a\u00f1os que la hab\u00eda dejado estacionada. <\/p>\n<p>Minutos despu\u00e9s policia GAD en Bvard. Paran\u00e1 y Pellegrini, aprehendi\u00f3 sujeto 20 a\u00f1os, estado excitaci\u00f3n, secuestrandose su poder arma blanca cuchillo, con que amenazaba a transe\u00fantes. Se resiste al proceder, utiliz\u00e1ndose fuerza m\u00ednima e indispensable.<\/p>\n<p>Delincuentes fueron reducido por los efectivos y alojado en sede policial. <\/p>\n<p>Adem\u00e1s cabe destacar que se realizaron varias ri\u00f1as en los alrededores de este evento teniendo en cuenta que en la plazoleta no se encontraba un control policial que supervise los festejos, como tambi\u00e9n ocurrieron colisiones vehiculares al no haber un control de acceso o restriccion de circulacion con veh\u00edculos en la zona.<\/p>\n","protected":false},"excerpt":{"rendered":"<p>Ocurrieron varios il\u00edcitos en la fiesta que se realiz\u00f3 en la plazoleta Fray Cayetano Rodriguez donde ciudadanos una gran cantidad de ciudadanos decidieron recibir el nuevo a\u00f1o llevando su conservadora y pasando con amigos. Pasadas las 06 hs la polic\u00eda tom\u00f3 intervenci\u00f3n en calle Mitre y Per\u00f3n, donde se aprehende en fuga a un sujeto [&hellip;]<\/p>\n","protected":false},"author":4,"featured_media":45242,"comment_status":"open","ping_status":"closed","sticky":false,"template":"","format":"standard","meta":{"om_disable_all_campaigns":false,"_jetpack_memberships_contains_paid_content":false,"footnotes":""},"categories":[2,103],"tags":[],"class_list":["post-45241","post","type-post","status-publish","format-standard","has-post-thumbnail","hentry","category-locales","category-policiales-locales"],"aioseo_notices":[],"gutentor_comment":0,"jetpack_featured_media_url":"https:\/\/eldiariodesanpedro.com.ar\/sitio\/wp-content\/uploads\/2019\/01\/WhatsApp-Image-2019-01-02-at-10.00.37.jpeg","jetpack_shortlink":"https:\/\/wp.me\/p6RhLt-bLH","jetpack_sharing_enabled":true,"_links":{"self":[{"href":"https:\/\/eldiariodesanpedro.com.ar\/sitio\/wp-json\/wp\/v2\/posts\/45241","targetHints":{"allow":["GET"]}}],"collection":[{"href":"https:\/\/eldiariodesanpedro.com.ar\/sitio\/wp-json\/wp\/v2\/posts"}],"about":[{"href":"https:\/\/eldiariodesanpedro.com.ar\/sitio\/wp-json\/wp\/v2\/types\/post"}],"author":[{"embeddable":true,"href":"https:\/\/eldiariodesanpedro.com.ar\/sitio\/wp-json\/wp\/v2\/users\/4"}],"replies":[{"embeddable":true,"href":"https:\/\/eldiariodesanpedro.com.ar\/sitio\/wp-json\/wp\/v2\/comments?post=45241"}],"version-history":[{"count":4,"href":"https:\/\/eldiariodesanpedro.com.ar\/sitio\/wp-json\/wp\/v2\/posts\/45241\/revisions"}],"predecessor-version":[{"id":45246,"href":"https:\/\/eldiariodesanpedro.com.ar\/sitio\/wp-json\/wp\/v2\/posts\/45241\/revisions\/45246"}],"wp:featuredmedia":[{"embeddable":true,"href":"https:\/\/eldiariodesanpedro.com.ar\/sitio\/wp-json\/wp\/v2\/media\/45242"}],"wp:attachment":[{"href":"https:\/\/eldiariodesanpedro.com.ar\/sitio\/wp-json\/wp\/v2\/media?parent=45241"}],"wp:term":[{"taxonomy":"category","embeddable":true,"href":"https:\/\/eldiariodesanpedro.com.ar\/sitio\/wp-json\/wp\/v2\/categories?post=45241"},{"taxonomy":"post_tag","embeddable":true,"href":"https:\/\/eldiariodesanpedro.com.ar\/sitio\/wp-json\/wp\/v2\/tags?post=45241"}],"curies":[{"name":"wp","href":"https:\/\/api.w.org\/{rel}","templated":true}]}}