{"id":45239,"date":"2019-01-02T10:29:41","date_gmt":"2019-01-02T13:29:41","guid":{"rendered":"https:\/\/eldiariodesanpedro.com.ar\/sitio\/?p=45239"},"modified":"2019-01-02T10:29:41","modified_gmt":"2019-01-02T13:29:41","slug":"apertura-del-complejo-turistico-municipal-ex-tiro-federal","status":"publish","type":"post","link":"https:\/\/eldiariodesanpedro.com.ar\/sitio\/apertura-del-complejo-turistico-municipal-ex-tiro-federal\/","title":{"rendered":"Apertura del Complejo Tur\u00edstico Municipal ex Tiro Federal"},"content":{"rendered":"<p><!-- VideographyWP Plugin Message: Automatic video embedding prevented by plugin options. --><br \/>\nEsta ma\u00f1ana en una conferencia de prensa a los medios locales, la Directora de Turismo, Marcela Cu\u00f1er,\u00a0 anuncio la esperada apertura del Complejo Tur\u00edstico Municipal ex Tiro Federal.\u00a0 A partir del 3 de enero abrir\u00e1 sus puertas para turistas y para todos los sampedrinos que quieran disfrutar del lugar.\u00a0 La entrada sera libre y gratuita, pagaran solo turistas.<\/p>\n<p>Cu\u00f1er\u00a0 brindo los detalles:<\/p>\n<p>\u00abPodr\u00e1n disfrutar de las parrillas y los juegos en el \u00e1rea de camping, de 8 a 20 hs podr\u00e1n ingresar sin abonar el costo de la entrada los sampedrinos pero si pagaran la pileta que estar\u00e1 abierta de 12 a 20 hs y los fines de semana de 10 a 20 hs, estar\u00e1 condicionada como corresponde con 2 guarda vidas, una enfermera que har\u00e1 la revisi\u00f3n medica, tienen que entrar con ojotas, toallas, gorro, todo como corresponde\u00bb<\/p>\n<p>\u00abEl complejo estar\u00e1 abierto las 24 hs, para los turistas tendr\u00e1 un costo de 100 pesos por adulto y 50 pesos los menores de 2 a 12 a\u00f1os de edad, la pileta saldr\u00e1 para ellos 150 pesos por d\u00eda o 60 los menores\u00bb<\/p>\n<p>\u00abEl sabado 5 se realizara la inauguraci\u00f3n oficial a partir del mediod\u00eda, donde se podr\u00e1n observar ya las distintas instalaciones para que puedan disfrutar de los bungalows que tienen ba\u00f1os privados y la atenci\u00f3n de mucamas, es un complejo que est\u00e1bamos a\u00f1orando mucho, es la primera vez que San Pedro va a tener un lugar as\u00ed, municipal, ademas no me quiero olvidar que vamos a tener tambi\u00e9n secciones de reiki y masajes, se dar\u00e1 nataci\u00f3n y aqua gym los d\u00edas martes y jueves\u00bb.<\/p>\n<p><img decoding=\"async\" data-attachment-id=\"45249\" data-permalink=\"https:\/\/eldiariodesanpedro.com.ar\/sitio\/apertura-del-complejo-turistico-municipal-ex-tiro-federal\/whats-app-image-2019-01-01-at-19-04-39\/\" data-orig-file=\"https:\/\/eldiariodesanpedro.com.ar\/sitio\/wp-content\/uploads\/2019\/01\/Whats-App-Image-2019-01-01-at-19-04-39.jpg\" data-orig-size=\"640,631\" data-comments-opened=\"1\" data-image-meta=\"{&quot;aperture&quot;:&quot;0&quot;,&quot;credit&quot;:&quot;&quot;,&quot;camera&quot;:&quot;&quot;,&quot;caption&quot;:&quot;&quot;,&quot;created_timestamp&quot;:&quot;0&quot;,&quot;copyright&quot;:&quot;&quot;,&quot;focal_length&quot;:&quot;0&quot;,&quot;iso&quot;:&quot;0&quot;,&quot;shutter_speed&quot;:&quot;0&quot;,&quot;title&quot;:&quot;&quot;,&quot;orientation&quot;:&quot;0&quot;}\" data-image-title=\"Whats-App-Image-2019-01-01-at-19-04-39\" data-image-description=\"\" data-image-caption=\"\" data-large-file=\"https:\/\/eldiariodesanpedro.com.ar\/sitio\/wp-content\/uploads\/2019\/01\/Whats-App-Image-2019-01-01-at-19-04-39.jpg\" class=\"alignnone size-full wp-image-45249 lazyload\" data-src=\"https:\/\/eldiariodesanpedro.com.ar\/sitio\/wp-content\/uploads\/2019\/01\/Whats-App-Image-2019-01-01-at-19-04-39.jpg\" alt=\"\" width=\"640\" height=\"631\" data-srcset=\"https:\/\/eldiariodesanpedro.com.ar\/sitio\/wp-content\/uploads\/2019\/01\/Whats-App-Image-2019-01-01-at-19-04-39.jpg 640w, https:\/\/eldiariodesanpedro.com.ar\/sitio\/wp-content\/uploads\/2019\/01\/Whats-App-Image-2019-01-01-at-19-04-39-300x296.jpg 300w\" data-sizes=\"(max-width: 640px) 100vw, 640px\" src=\"data:image\/svg+xml;base64,PHN2ZyB3aWR0aD0iMSIgaGVpZ2h0PSIxIiB4bWxucz0iaHR0cDovL3d3dy53My5vcmcvMjAwMC9zdmciPjwvc3ZnPg==\" style=\"--smush-placeholder-width: 640px; --smush-placeholder-aspect-ratio: 640\/631;\" \/><\/p>\n","protected":false},"excerpt":{"rendered":"<p>Esta ma\u00f1ana en una conferencia de prensa a los medios locales, la Directora de Turismo, Marcela Cu\u00f1er,\u00a0 anuncio la esperada apertura del Complejo Tur\u00edstico Municipal ex Tiro Federal.\u00a0 A partir del 3 de enero abrir\u00e1 sus puertas para turistas y para todos los sampedrinos que quieran disfrutar del lugar.\u00a0 La entrada sera libre y gratuita, [&hellip;]<\/p>\n","protected":false},"author":4,"featured_media":45250,"comment_status":"open","ping_status":"closed","sticky":false,"template":"","format":"standard","meta":{"om_disable_all_campaigns":false,"_jetpack_memberships_contains_paid_content":false,"footnotes":""},"categories":[50,101,2],"tags":[],"class_list":["post-45239","post","type-post","status-publish","format-standard","has-post-thumbnail","hentry","category-destacadas","category-interes-general-locales","category-locales"],"aioseo_notices":[],"gutentor_comment":0,"jetpack_featured_media_url":"https:\/\/eldiariodesanpedro.com.ar\/sitio\/wp-content\/uploads\/2019\/01\/img_20181220_121928_1.jpg","jetpack_shortlink":"https:\/\/wp.me\/p6RhLt-bLF","jetpack_sharing_enabled":true,"_links":{"self":[{"href":"https:\/\/eldiariodesanpedro.com.ar\/sitio\/wp-json\/wp\/v2\/posts\/45239","targetHints":{"allow":["GET"]}}],"collection":[{"href":"https:\/\/eldiariodesanpedro.com.ar\/sitio\/wp-json\/wp\/v2\/posts"}],"about":[{"href":"https:\/\/eldiariodesanpedro.com.ar\/sitio\/wp-json\/wp\/v2\/types\/post"}],"author":[{"embeddable":true,"href":"https:\/\/eldiariodesanpedro.com.ar\/sitio\/wp-json\/wp\/v2\/users\/4"}],"replies":[{"embeddable":true,"href":"https:\/\/eldiariodesanpedro.com.ar\/sitio\/wp-json\/wp\/v2\/comments?post=45239"}],"version-history":[{"count":1,"href":"https:\/\/eldiariodesanpedro.com.ar\/sitio\/wp-json\/wp\/v2\/posts\/45239\/revisions"}],"predecessor-version":[{"id":45251,"href":"https:\/\/eldiariodesanpedro.com.ar\/sitio\/wp-json\/wp\/v2\/posts\/45239\/revisions\/45251"}],"wp:featuredmedia":[{"embeddable":true,"href":"https:\/\/eldiariodesanpedro.com.ar\/sitio\/wp-json\/wp\/v2\/media\/45250"}],"wp:attachment":[{"href":"https:\/\/eldiariodesanpedro.com.ar\/sitio\/wp-json\/wp\/v2\/media?parent=45239"}],"wp:term":[{"taxonomy":"category","embeddable":true,"href":"https:\/\/eldiariodesanpedro.com.ar\/sitio\/wp-json\/wp\/v2\/categories?post=45239"},{"taxonomy":"post_tag","embeddable":true,"href":"https:\/\/eldiariodesanpedro.com.ar\/sitio\/wp-json\/wp\/v2\/tags?post=45239"}],"curies":[{"name":"wp","href":"https:\/\/api.w.org\/{rel}","templated":true}]}}