{"id":45237,"date":"2019-01-02T09:49:30","date_gmt":"2019-01-02T12:49:30","guid":{"rendered":"https:\/\/eldiariodesanpedro.com.ar\/sitio\/?p=45237"},"modified":"2019-01-02T09:49:30","modified_gmt":"2019-01-02T12:49:30","slug":"dos-jovenes-aprehendidos-en-horas-de-la-madrugada-del-primero","status":"publish","type":"post","link":"https:\/\/eldiariodesanpedro.com.ar\/sitio\/dos-jovenes-aprehendidos-en-horas-de-la-madrugada-del-primero\/","title":{"rendered":"Dos j\u00f3venes aprehendidos en horas de la madrugada del primero"},"content":{"rendered":"<p><!-- VideographyWP Plugin Message: Automatic video embedding prevented by plugin options. --><br \/>\nEste martes alrededor de las 05:25 hs la polic\u00eda alertada tras r\u00e1pido proceder en Fray C. Rodriguez 460, aprehende en fuga a dos j\u00f3venes delincuentes de 17 y mujer de 20, quienes mediante modalidad arrebato sustrajeron en Belgrano y Liniers carteras a dos mujeres de 23 y 24 a\u00f1os, que caminaban por lugar.  <\/p>\n<p>V\u00edctimas ilesas, pese a la violencia que demostraron los delincuentes . Interviene la UFI Juvenil San Nicolas, el menor por su parte recuper\u00f3 la libertad r\u00e1pidamente, la mujer por su parte permaneci\u00f3 aprehendida hasta prestar declaraci\u00f3n.<\/p>\n","protected":false},"excerpt":{"rendered":"<p>Este martes alrededor de las 05:25 hs la polic\u00eda alertada tras r\u00e1pido proceder en Fray C. Rodriguez 460, aprehende en fuga a dos j\u00f3venes delincuentes de 17 y mujer de 20, quienes mediante modalidad arrebato sustrajeron en Belgrano y Liniers carteras a dos mujeres de 23 y 24 a\u00f1os, que caminaban por lugar. V\u00edctimas ilesas, [&hellip;]<\/p>\n","protected":false},"author":4,"featured_media":30123,"comment_status":"open","ping_status":"closed","sticky":false,"template":"","format":"standard","meta":{"om_disable_all_campaigns":false,"_jetpack_memberships_contains_paid_content":false,"footnotes":""},"categories":[2,103],"tags":[],"class_list":["post-45237","post","type-post","status-publish","format-standard","has-post-thumbnail","hentry","category-locales","category-policiales-locales"],"aioseo_notices":[],"gutentor_comment":0,"jetpack_featured_media_url":"https:\/\/eldiariodesanpedro.com.ar\/sitio\/wp-content\/uploads\/2018\/03\/pareja-detenidos.jpg","jetpack_shortlink":"https:\/\/wp.me\/p6RhLt-bLD","jetpack_sharing_enabled":true,"_links":{"self":[{"href":"https:\/\/eldiariodesanpedro.com.ar\/sitio\/wp-json\/wp\/v2\/posts\/45237","targetHints":{"allow":["GET"]}}],"collection":[{"href":"https:\/\/eldiariodesanpedro.com.ar\/sitio\/wp-json\/wp\/v2\/posts"}],"about":[{"href":"https:\/\/eldiariodesanpedro.com.ar\/sitio\/wp-json\/wp\/v2\/types\/post"}],"author":[{"embeddable":true,"href":"https:\/\/eldiariodesanpedro.com.ar\/sitio\/wp-json\/wp\/v2\/users\/4"}],"replies":[{"embeddable":true,"href":"https:\/\/eldiariodesanpedro.com.ar\/sitio\/wp-json\/wp\/v2\/comments?post=45237"}],"version-history":[{"count":1,"href":"https:\/\/eldiariodesanpedro.com.ar\/sitio\/wp-json\/wp\/v2\/posts\/45237\/revisions"}],"predecessor-version":[{"id":45240,"href":"https:\/\/eldiariodesanpedro.com.ar\/sitio\/wp-json\/wp\/v2\/posts\/45237\/revisions\/45240"}],"wp:featuredmedia":[{"embeddable":true,"href":"https:\/\/eldiariodesanpedro.com.ar\/sitio\/wp-json\/wp\/v2\/media\/30123"}],"wp:attachment":[{"href":"https:\/\/eldiariodesanpedro.com.ar\/sitio\/wp-json\/wp\/v2\/media?parent=45237"}],"wp:term":[{"taxonomy":"category","embeddable":true,"href":"https:\/\/eldiariodesanpedro.com.ar\/sitio\/wp-json\/wp\/v2\/categories?post=45237"},{"taxonomy":"post_tag","embeddable":true,"href":"https:\/\/eldiariodesanpedro.com.ar\/sitio\/wp-json\/wp\/v2\/tags?post=45237"}],"curies":[{"name":"wp","href":"https:\/\/api.w.org\/{rel}","templated":true}]}}