{"id":45235,"date":"2019-01-02T09:42:27","date_gmt":"2019-01-02T12:42:27","guid":{"rendered":"https:\/\/eldiariodesanpedro.com.ar\/sitio\/?p=45235"},"modified":"2019-01-02T09:42:27","modified_gmt":"2019-01-02T12:42:27","slug":"dos-motocicletas-colisionaron-este-ano-nuevo-un-herido-grave","status":"publish","type":"post","link":"https:\/\/eldiariodesanpedro.com.ar\/sitio\/dos-motocicletas-colisionaron-este-ano-nuevo-un-herido-grave\/","title":{"rendered":"Dos motocicletas colisionaron este a\u00f1o nuevo un herido grave"},"content":{"rendered":"<p><!-- VideographyWP Plugin Message: Automatic video embedding prevented by plugin options. --><br \/>\nSe produjeron un siniestro de tr\u00e1nsito en los primeros minutos del 2019, en esta ocasi\u00f3n ocurri\u00f3 en entre dos motocicletas.<\/p>\n<p>Este martes en las primeras horas 00:40 hs ocurri\u00f3 el siniestro en la intersecci\u00f3n de las calles Nieto de Torres y Combate de obligado, accidente de tr\u00e1nsito protagonizado por dos motos.<\/p>\n<p>Se trata de establecer los motivos del mismo una moto del tipo 150 cc color roja tripulada por dos hermanos un hombre de 46 y mujer de 29 a\u00f1os de edad. Restante moto 110 color roja tripulada por mujer de 34 a\u00f1os. <\/p>\n<p>Como consecuencia del impacto, todos resultaron lesionados con politraumatismos, con principal lesi\u00f3n masculino con trauma de cr\u00e1neo grave con p\u00e9rdida de conocimiento, asistidos en hospital local. <\/p>\n<p>interviene UFI 5 local. motos secuestrado para pericias.<\/p>\n","protected":false},"excerpt":{"rendered":"<p>Se produjeron un siniestro de tr\u00e1nsito en los primeros minutos del 2019, en esta ocasi\u00f3n ocurri\u00f3 en entre dos motocicletas. Este martes en las primeras horas 00:40 hs ocurri\u00f3 el siniestro en la intersecci\u00f3n de las calles Nieto de Torres y Combate de obligado, accidente de tr\u00e1nsito protagonizado por dos motos. Se trata de establecer [&hellip;]<\/p>\n","protected":false},"author":4,"featured_media":24578,"comment_status":"open","ping_status":"closed","sticky":false,"template":"","format":"standard","meta":{"om_disable_all_campaigns":false,"_jetpack_memberships_contains_paid_content":false,"footnotes":""},"categories":[2,103],"tags":[],"class_list":["post-45235","post","type-post","status-publish","format-standard","has-post-thumbnail","hentry","category-locales","category-policiales-locales"],"aioseo_notices":[],"gutentor_comment":0,"jetpack_featured_media_url":"https:\/\/eldiariodesanpedro.com.ar\/sitio\/wp-content\/uploads\/2017\/10\/guardia-hospital-local-san-pedro.jpg","jetpack_shortlink":"https:\/\/wp.me\/p6RhLt-bLB","jetpack_sharing_enabled":true,"_links":{"self":[{"href":"https:\/\/eldiariodesanpedro.com.ar\/sitio\/wp-json\/wp\/v2\/posts\/45235","targetHints":{"allow":["GET"]}}],"collection":[{"href":"https:\/\/eldiariodesanpedro.com.ar\/sitio\/wp-json\/wp\/v2\/posts"}],"about":[{"href":"https:\/\/eldiariodesanpedro.com.ar\/sitio\/wp-json\/wp\/v2\/types\/post"}],"author":[{"embeddable":true,"href":"https:\/\/eldiariodesanpedro.com.ar\/sitio\/wp-json\/wp\/v2\/users\/4"}],"replies":[{"embeddable":true,"href":"https:\/\/eldiariodesanpedro.com.ar\/sitio\/wp-json\/wp\/v2\/comments?post=45235"}],"version-history":[{"count":1,"href":"https:\/\/eldiariodesanpedro.com.ar\/sitio\/wp-json\/wp\/v2\/posts\/45235\/revisions"}],"predecessor-version":[{"id":45236,"href":"https:\/\/eldiariodesanpedro.com.ar\/sitio\/wp-json\/wp\/v2\/posts\/45235\/revisions\/45236"}],"wp:featuredmedia":[{"embeddable":true,"href":"https:\/\/eldiariodesanpedro.com.ar\/sitio\/wp-json\/wp\/v2\/media\/24578"}],"wp:attachment":[{"href":"https:\/\/eldiariodesanpedro.com.ar\/sitio\/wp-json\/wp\/v2\/media?parent=45235"}],"wp:term":[{"taxonomy":"category","embeddable":true,"href":"https:\/\/eldiariodesanpedro.com.ar\/sitio\/wp-json\/wp\/v2\/categories?post=45235"},{"taxonomy":"post_tag","embeddable":true,"href":"https:\/\/eldiariodesanpedro.com.ar\/sitio\/wp-json\/wp\/v2\/tags?post=45235"}],"curies":[{"name":"wp","href":"https:\/\/api.w.org\/{rel}","templated":true}]}}