{"id":45230,"date":"2019-01-02T09:31:38","date_gmt":"2019-01-02T12:31:38","guid":{"rendered":"https:\/\/eldiariodesanpedro.com.ar\/sitio\/?p=45230"},"modified":"2019-01-02T09:31:38","modified_gmt":"2019-01-02T12:31:38","slug":"accidente-en-los-primeros-minutos-del-ano-nuevo","status":"publish","type":"post","link":"https:\/\/eldiariodesanpedro.com.ar\/sitio\/accidente-en-los-primeros-minutos-del-ano-nuevo\/","title":{"rendered":"Accidente en los primeros minutos del a\u00f1o nuevo"},"content":{"rendered":"<p><!-- VideographyWP Plugin Message: Automatic video embedding prevented by plugin options. --><br \/>\nOcurri\u00f3 ni bien comenz\u00f3 el a\u00f1o nuevo en la esquina de Rivadavia y Oliveira Cezar. Colisionaron un auto de alta gama y una camioneta. Dos personas resultaron heridas.  <\/p>\n<p>Hab\u00edan pasado unos pocos minutos del a\u00f1o nuevo cuando las calles de la ciudad fueron escenario del primer accidente del 2019. En la intersecci\u00f3n de Rivadavia y Oliveira Cezar chocaron un auto Toyota Corolla de color blanco, en el que se movilizaba una pareja oriunda de la localidad de Pilar, y una camioneta Volkswagen Amarok marr\u00f3n conducida por una persona domiciliada en nuestra ciudad.<\/p>\n<p>El impacto fue muy violento. Fue el auto que circulaba por la calle Rivadavia e impact\u00f3 contra la camioneta que cruzaba por la otra calle. Debido a la fuerte colisi\u00f3n el auto sufri\u00f3 la destrucci\u00f3n total de su parte delantera adem\u00e1s de accionarse el sistema de airbag del rodado; mientras tanto, la camioneta hizo un trompo de 360 grados y qued\u00f3 a mitad de cuadra mirando en una posici\u00f3n contraria a la direcci\u00f3n en la que circulaba.  <\/p>\n<p>Debido a la violencia del accidente la mujer y el hombre que viajaban en el auto Toyota debieron ser asistidos y trasladados por una ambulancia del servicio Same 107 a la guardia del Hospital local.<\/p>\n<p>Personal policial y de la Direcci\u00f3n de Tr\u00e1nsito trabajaron en el lugar y al momento de efectuar el habitual examen de alcoholemia al conductor del veh\u00edculo el resultados fue positivo<\/p>\n<p>Fuente: San Pedro Informa<\/p>\n<p><img decoding=\"async\" data-attachment-id=\"45232\" data-permalink=\"https:\/\/eldiariodesanpedro.com.ar\/sitio\/accidente-en-los-primeros-minutos-del-ano-nuevo\/attachment\/000074705\/\" data-orig-file=\"https:\/\/eldiariodesanpedro.com.ar\/sitio\/wp-content\/uploads\/2019\/01\/000074705.jpg\" data-orig-size=\"1024,768\" data-comments-opened=\"1\" data-image-meta=\"{&quot;aperture&quot;:&quot;0&quot;,&quot;credit&quot;:&quot;&quot;,&quot;camera&quot;:&quot;&quot;,&quot;caption&quot;:&quot;&quot;,&quot;created_timestamp&quot;:&quot;0&quot;,&quot;copyright&quot;:&quot;&quot;,&quot;focal_length&quot;:&quot;0&quot;,&quot;iso&quot;:&quot;0&quot;,&quot;shutter_speed&quot;:&quot;0&quot;,&quot;title&quot;:&quot;&quot;,&quot;orientation&quot;:&quot;0&quot;}\" data-image-title=\"000074705\" data-image-description=\"\" data-image-caption=\"\" data-large-file=\"https:\/\/eldiariodesanpedro.com.ar\/sitio\/wp-content\/uploads\/2019\/01\/000074705-1024x768.jpg\" data-src=\"https:\/\/eldiariodesanpedro.com.ar\/sitio\/wp-content\/uploads\/2019\/01\/000074705-1024x768.jpg\" alt=\"\" width=\"660\" height=\"495\" class=\"alignnone size-large wp-image-45232 lazyload\" data-srcset=\"https:\/\/eldiariodesanpedro.com.ar\/sitio\/wp-content\/uploads\/2019\/01\/000074705.jpg 1024w, https:\/\/eldiariodesanpedro.com.ar\/sitio\/wp-content\/uploads\/2019\/01\/000074705-300x225.jpg 300w, https:\/\/eldiariodesanpedro.com.ar\/sitio\/wp-content\/uploads\/2019\/01\/000074705-768x576.jpg 768w\" data-sizes=\"(max-width: 660px) 100vw, 660px\" src=\"data:image\/svg+xml;base64,PHN2ZyB3aWR0aD0iMSIgaGVpZ2h0PSIxIiB4bWxucz0iaHR0cDovL3d3dy53My5vcmcvMjAwMC9zdmciPjwvc3ZnPg==\" style=\"--smush-placeholder-width: 660px; --smush-placeholder-aspect-ratio: 660\/495;\" \/><\/p>\n<p><img decoding=\"async\" data-attachment-id=\"45231\" data-permalink=\"https:\/\/eldiariodesanpedro.com.ar\/sitio\/accidente-en-los-primeros-minutos-del-ano-nuevo\/attachment\/000074697\/\" data-orig-file=\"https:\/\/eldiariodesanpedro.com.ar\/sitio\/wp-content\/uploads\/2019\/01\/000074697.jpg\" data-orig-size=\"1024,768\" data-comments-opened=\"1\" data-image-meta=\"{&quot;aperture&quot;:&quot;0&quot;,&quot;credit&quot;:&quot;&quot;,&quot;camera&quot;:&quot;&quot;,&quot;caption&quot;:&quot;&quot;,&quot;created_timestamp&quot;:&quot;0&quot;,&quot;copyright&quot;:&quot;&quot;,&quot;focal_length&quot;:&quot;0&quot;,&quot;iso&quot;:&quot;0&quot;,&quot;shutter_speed&quot;:&quot;0&quot;,&quot;title&quot;:&quot;&quot;,&quot;orientation&quot;:&quot;0&quot;}\" data-image-title=\"000074697\" data-image-description=\"\" data-image-caption=\"\" data-large-file=\"https:\/\/eldiariodesanpedro.com.ar\/sitio\/wp-content\/uploads\/2019\/01\/000074697-1024x768.jpg\" data-src=\"https:\/\/eldiariodesanpedro.com.ar\/sitio\/wp-content\/uploads\/2019\/01\/000074697-1024x768.jpg\" alt=\"\" width=\"660\" height=\"495\" class=\"alignnone size-large wp-image-45231 lazyload\" data-srcset=\"https:\/\/eldiariodesanpedro.com.ar\/sitio\/wp-content\/uploads\/2019\/01\/000074697.jpg 1024w, https:\/\/eldiariodesanpedro.com.ar\/sitio\/wp-content\/uploads\/2019\/01\/000074697-300x225.jpg 300w, https:\/\/eldiariodesanpedro.com.ar\/sitio\/wp-content\/uploads\/2019\/01\/000074697-768x576.jpg 768w\" data-sizes=\"(max-width: 660px) 100vw, 660px\" src=\"data:image\/svg+xml;base64,PHN2ZyB3aWR0aD0iMSIgaGVpZ2h0PSIxIiB4bWxucz0iaHR0cDovL3d3dy53My5vcmcvMjAwMC9zdmciPjwvc3ZnPg==\" style=\"--smush-placeholder-width: 660px; --smush-placeholder-aspect-ratio: 660\/495;\" \/><\/p>\n","protected":false},"excerpt":{"rendered":"<p>Ocurri\u00f3 ni bien comenz\u00f3 el a\u00f1o nuevo en la esquina de Rivadavia y Oliveira Cezar. Colisionaron un auto de alta gama y una camioneta. Dos personas resultaron heridas. Hab\u00edan pasado unos pocos minutos del a\u00f1o nuevo cuando las calles de la ciudad fueron escenario del primer accidente del 2019. En la intersecci\u00f3n de Rivadavia y [&hellip;]<\/p>\n","protected":false},"author":4,"featured_media":45233,"comment_status":"open","ping_status":"closed","sticky":false,"template":"","format":"standard","meta":{"om_disable_all_campaigns":false,"_jetpack_memberships_contains_paid_content":false,"footnotes":""},"categories":[50,2,103],"tags":[],"class_list":["post-45230","post","type-post","status-publish","format-standard","has-post-thumbnail","hentry","category-destacadas","category-locales","category-policiales-locales"],"aioseo_notices":[],"gutentor_comment":0,"jetpack_featured_media_url":"https:\/\/eldiariodesanpedro.com.ar\/sitio\/wp-content\/uploads\/2019\/01\/000074713.jpg","jetpack_shortlink":"https:\/\/wp.me\/p6RhLt-bLw","jetpack_sharing_enabled":true,"_links":{"self":[{"href":"https:\/\/eldiariodesanpedro.com.ar\/sitio\/wp-json\/wp\/v2\/posts\/45230","targetHints":{"allow":["GET"]}}],"collection":[{"href":"https:\/\/eldiariodesanpedro.com.ar\/sitio\/wp-json\/wp\/v2\/posts"}],"about":[{"href":"https:\/\/eldiariodesanpedro.com.ar\/sitio\/wp-json\/wp\/v2\/types\/post"}],"author":[{"embeddable":true,"href":"https:\/\/eldiariodesanpedro.com.ar\/sitio\/wp-json\/wp\/v2\/users\/4"}],"replies":[{"embeddable":true,"href":"https:\/\/eldiariodesanpedro.com.ar\/sitio\/wp-json\/wp\/v2\/comments?post=45230"}],"version-history":[{"count":1,"href":"https:\/\/eldiariodesanpedro.com.ar\/sitio\/wp-json\/wp\/v2\/posts\/45230\/revisions"}],"predecessor-version":[{"id":45234,"href":"https:\/\/eldiariodesanpedro.com.ar\/sitio\/wp-json\/wp\/v2\/posts\/45230\/revisions\/45234"}],"wp:featuredmedia":[{"embeddable":true,"href":"https:\/\/eldiariodesanpedro.com.ar\/sitio\/wp-json\/wp\/v2\/media\/45233"}],"wp:attachment":[{"href":"https:\/\/eldiariodesanpedro.com.ar\/sitio\/wp-json\/wp\/v2\/media?parent=45230"}],"wp:term":[{"taxonomy":"category","embeddable":true,"href":"https:\/\/eldiariodesanpedro.com.ar\/sitio\/wp-json\/wp\/v2\/categories?post=45230"},{"taxonomy":"post_tag","embeddable":true,"href":"https:\/\/eldiariodesanpedro.com.ar\/sitio\/wp-json\/wp\/v2\/tags?post=45230"}],"curies":[{"name":"wp","href":"https:\/\/api.w.org\/{rel}","templated":true}]}}