{"id":45229,"date":"2019-01-02T09:44:10","date_gmt":"2019-01-02T12:44:10","guid":{"rendered":"https:\/\/eldiariodesanpedro.com.ar\/sitio\/?p=45229"},"modified":"2019-01-02T09:44:10","modified_gmt":"2019-01-02T12:44:10","slug":"gran-cantidad-de-personas-atendidas-en-la-guardia-del-hospital-por-intoxicacion-de-alcohol","status":"publish","type":"post","link":"https:\/\/eldiariodesanpedro.com.ar\/sitio\/gran-cantidad-de-personas-atendidas-en-la-guardia-del-hospital-por-intoxicacion-de-alcohol\/","title":{"rendered":"Gran cantidad de personas atendidas en la guardia del hospital por intoxicaci\u00f3n de alcohol"},"content":{"rendered":"<p><!-- VideographyWP Plugin Message: Automatic video embedding prevented by plugin options. --><br \/>\nMas de 400 personas fueron atendidas en la Guardia de nuestro hospital a partir del sabado 29 hasta el 1 del corriente mes. El 80% de los pacientes tenia intoxicacion de alcohol en sangre.<\/p>\n<p>El Dr. Jos\u00e9 Herbas, titular de la guardia y el servicio de emergencias del Hospital, expres\u00f3 su preocupaci\u00f3n por la importante cantidad de intoxicados por ingesta de alcohol que fueron atendidos en las primeras horas del a\u00f1o. <\/p>\n<p>La guardia tuvo que ser reforzada, hubo casos de heridos con armas de fuego y con arma blanca pero no revert\u00edan gravedad, solicitaron saturacion en el \u00e1rea y fueron dados de alta a las 24 hs.<\/p>\n<p>Hubo 10 accidentes de motocicletas, 5 de autos, 12 casos de intoxicaci\u00f3n de alcohol graves, 1 quedo en coma alcoh\u00f3lico, hay un menor que tuvo uno de los accidentes automovilisto que quedo internado con fractura facial con corte en la cabeza.<\/p>\n<p>Solo una persona mayor de edad quedo en terapia intensiva en estado reservado con fractura de f\u00e9mur y facial por un accidente de moto.<\/p>\n<p>Ademas Herbas puntualiz\u00f3 que \u00abel SAME tuvo 50 salidas durante los cuatro d\u00edas del fin de semana largo. 23 de ellas fueron en la madrugada del 1\u00ba, y la mayor\u00eda de ellas para trasladar a personas alcoholizadas\u00bb. <\/p>\n","protected":false},"excerpt":{"rendered":"<p>Mas de 400 personas fueron atendidas en la Guardia de nuestro hospital a partir del sabado 29 hasta el 1 del corriente mes. El 80% de los pacientes tenia intoxicacion de alcohol en sangre. El Dr. Jos\u00e9 Herbas, titular de la guardia y el servicio de emergencias del Hospital, expres\u00f3 su preocupaci\u00f3n por la importante [&hellip;]<\/p>\n","protected":false},"author":4,"featured_media":25808,"comment_status":"open","ping_status":"closed","sticky":false,"template":"","format":"standard","meta":{"om_disable_all_campaigns":false,"_jetpack_memberships_contains_paid_content":false,"footnotes":""},"categories":[50,101,2],"tags":[],"class_list":["post-45229","post","type-post","status-publish","format-standard","has-post-thumbnail","hentry","category-destacadas","category-interes-general-locales","category-locales"],"aioseo_notices":[],"gutentor_comment":0,"jetpack_featured_media_url":"https:\/\/eldiariodesanpedro.com.ar\/sitio\/wp-content\/uploads\/2017\/11\/Los-accidentados-fueron-derivados-a-la-Guardia.jpg","jetpack_shortlink":"https:\/\/wp.me\/p6RhLt-bLv","jetpack_sharing_enabled":true,"_links":{"self":[{"href":"https:\/\/eldiariodesanpedro.com.ar\/sitio\/wp-json\/wp\/v2\/posts\/45229","targetHints":{"allow":["GET"]}}],"collection":[{"href":"https:\/\/eldiariodesanpedro.com.ar\/sitio\/wp-json\/wp\/v2\/posts"}],"about":[{"href":"https:\/\/eldiariodesanpedro.com.ar\/sitio\/wp-json\/wp\/v2\/types\/post"}],"author":[{"embeddable":true,"href":"https:\/\/eldiariodesanpedro.com.ar\/sitio\/wp-json\/wp\/v2\/users\/4"}],"replies":[{"embeddable":true,"href":"https:\/\/eldiariodesanpedro.com.ar\/sitio\/wp-json\/wp\/v2\/comments?post=45229"}],"version-history":[{"count":1,"href":"https:\/\/eldiariodesanpedro.com.ar\/sitio\/wp-json\/wp\/v2\/posts\/45229\/revisions"}],"predecessor-version":[{"id":45238,"href":"https:\/\/eldiariodesanpedro.com.ar\/sitio\/wp-json\/wp\/v2\/posts\/45229\/revisions\/45238"}],"wp:featuredmedia":[{"embeddable":true,"href":"https:\/\/eldiariodesanpedro.com.ar\/sitio\/wp-json\/wp\/v2\/media\/25808"}],"wp:attachment":[{"href":"https:\/\/eldiariodesanpedro.com.ar\/sitio\/wp-json\/wp\/v2\/media?parent=45229"}],"wp:term":[{"taxonomy":"category","embeddable":true,"href":"https:\/\/eldiariodesanpedro.com.ar\/sitio\/wp-json\/wp\/v2\/categories?post=45229"},{"taxonomy":"post_tag","embeddable":true,"href":"https:\/\/eldiariodesanpedro.com.ar\/sitio\/wp-json\/wp\/v2\/tags?post=45229"}],"curies":[{"name":"wp","href":"https:\/\/api.w.org\/{rel}","templated":true}]}}