{"id":4512,"date":"2016-05-18T18:46:04","date_gmt":"2016-05-18T21:46:04","guid":{"rendered":"https:\/\/eldiariodesanpedro.com.ar\/sitio\/?p=4512"},"modified":"2016-05-18T18:46:04","modified_gmt":"2016-05-18T21:46:04","slug":"la-policia-capturo-a-dos-sujetos-que-estaban-armados-con-un-revolver-calibre-22","status":"publish","type":"post","link":"https:\/\/eldiariodesanpedro.com.ar\/sitio\/la-policia-capturo-a-dos-sujetos-que-estaban-armados-con-un-revolver-calibre-22\/","title":{"rendered":"La polic\u00eda captur\u00f3 a dos sujetos que estaban armados con un rev\u00f3lver calibre 22"},"content":{"rendered":"<p><!-- VideographyWP Plugin Message: Automatic video embedding prevented by plugin options. --><br \/>\nLa situaci\u00f3n se gener\u00f3 cuando efectivos policiales se hallaban en esa zona de la ciudad e intentaron identificar a dos sujetos que se dirig\u00edan en moto.<br \/>\nCuando estos advierten la situaci\u00f3n emprendieron la fuga y uno de ellos \u201cdescart\u00f3\u201d un arma de fuego, la que fue arrojada al techo de una casa. En tanto que el acompa\u00f1ante se baj\u00f3 del rodado y comenz\u00f3 a escapar a pie, mientras que el otro continu\u00f3 en el ciclomotor. Es por ello que los efectivos montaron un operativo cerrojo y all\u00ed se logr\u00f3 capturar a ambos, los cuales fueron trasladado a la dependencia policial. En tanto que se secuestr\u00f3 el rev\u00f3lver calibre 22 que tenia carga completa, en tanto que en la requisa, los imputados ten\u00edan en su poder varios proyectiles intactos mismo calibre.<br \/>\nConsultada fiscal\u00eda interviniente dispuso recaudos legales y remisi\u00f3n aprehendidos a sede judicial.<\/p>\n","protected":false},"excerpt":{"rendered":"<p>La situaci\u00f3n se gener\u00f3 cuando efectivos policiales se hallaban en esa zona de la ciudad e intentaron identificar a dos sujetos que se dirig\u00edan en moto. Cuando estos advierten la situaci\u00f3n emprendieron la fuga y uno de ellos \u201cdescart\u00f3\u201d un arma de fuego, la que fue arrojada al techo de una casa. En tanto que [&hellip;]<\/p>\n","protected":false},"author":4,"featured_media":4411,"comment_status":"open","ping_status":"closed","sticky":false,"template":"","format":"standard","meta":{"om_disable_all_campaigns":false,"_jetpack_memberships_contains_paid_content":false,"footnotes":""},"categories":[2,103],"tags":[],"class_list":["post-4512","post","type-post","status-publish","format-standard","has-post-thumbnail","hentry","category-locales","category-policiales-locales"],"aioseo_notices":[],"gutentor_comment":0,"jetpack_featured_media_url":"https:\/\/eldiariodesanpedro.com.ar\/sitio\/wp-content\/uploads\/2016\/05\/Se-fug\u00f3-de-prisi\u00f3n-y-lo-arrestaron-48-a\u00f1os-despu\u00e9s.jpg","jetpack_shortlink":"https:\/\/wp.me\/p6RhLt-1aM","jetpack_sharing_enabled":true,"_links":{"self":[{"href":"https:\/\/eldiariodesanpedro.com.ar\/sitio\/wp-json\/wp\/v2\/posts\/4512","targetHints":{"allow":["GET"]}}],"collection":[{"href":"https:\/\/eldiariodesanpedro.com.ar\/sitio\/wp-json\/wp\/v2\/posts"}],"about":[{"href":"https:\/\/eldiariodesanpedro.com.ar\/sitio\/wp-json\/wp\/v2\/types\/post"}],"author":[{"embeddable":true,"href":"https:\/\/eldiariodesanpedro.com.ar\/sitio\/wp-json\/wp\/v2\/users\/4"}],"replies":[{"embeddable":true,"href":"https:\/\/eldiariodesanpedro.com.ar\/sitio\/wp-json\/wp\/v2\/comments?post=4512"}],"version-history":[{"count":1,"href":"https:\/\/eldiariodesanpedro.com.ar\/sitio\/wp-json\/wp\/v2\/posts\/4512\/revisions"}],"predecessor-version":[{"id":4513,"href":"https:\/\/eldiariodesanpedro.com.ar\/sitio\/wp-json\/wp\/v2\/posts\/4512\/revisions\/4513"}],"wp:featuredmedia":[{"embeddable":true,"href":"https:\/\/eldiariodesanpedro.com.ar\/sitio\/wp-json\/wp\/v2\/media\/4411"}],"wp:attachment":[{"href":"https:\/\/eldiariodesanpedro.com.ar\/sitio\/wp-json\/wp\/v2\/media?parent=4512"}],"wp:term":[{"taxonomy":"category","embeddable":true,"href":"https:\/\/eldiariodesanpedro.com.ar\/sitio\/wp-json\/wp\/v2\/categories?post=4512"},{"taxonomy":"post_tag","embeddable":true,"href":"https:\/\/eldiariodesanpedro.com.ar\/sitio\/wp-json\/wp\/v2\/tags?post=4512"}],"curies":[{"name":"wp","href":"https:\/\/api.w.org\/{rel}","templated":true}]}}