{"id":4510,"date":"2016-05-18T18:45:08","date_gmt":"2016-05-18T21:45:08","guid":{"rendered":"https:\/\/eldiariodesanpedro.com.ar\/sitio\/?p=4510"},"modified":"2016-05-18T18:45:08","modified_gmt":"2016-05-18T21:45:08","slug":"encuentran-en-gdor-castro-una-moto-que-tenia-pedido-de-secuestro","status":"publish","type":"post","link":"https:\/\/eldiariodesanpedro.com.ar\/sitio\/encuentran-en-gdor-castro-una-moto-que-tenia-pedido-de-secuestro\/","title":{"rendered":"Encuentran en Gdor. Castro una moto que ten\u00eda pedido de secuestro"},"content":{"rendered":"<p><!-- VideographyWP Plugin Message: Automatic video embedding prevented by plugin options. --><br \/>\nEl rodado fue hallado en un \u201coperativo din\u00e1mico de interceptaci\u00f3n vehicular y personas\u201d realizado en la localidad. All\u00ed se identific\u00f3 a un hombre que circulaba en una moto que seg\u00fan los datos arrojados sobre el individuo como as\u00ed tambi\u00e9n del rodado por la Coordinaci\u00f3n de Polic\u00eda San Nicol\u00e1s (Radio Estaci\u00f3n), se pudo determinar que el motoveh\u00edculo presentaba pedido activo por \u201cHurto\u201d con intervenci\u00f3n de la U.F.I N\u00ba 7.<br \/>\nLa Fiscal\u00eda interviniente dispuso que se concreten las diligencias de rigor, y la posterior libertad del imputado, en tanto que el veh\u00edculo qued\u00f3 incautado.<\/p>\n","protected":false},"excerpt":{"rendered":"<p>El rodado fue hallado en un \u201coperativo din\u00e1mico de interceptaci\u00f3n vehicular y personas\u201d realizado en la localidad. All\u00ed se identific\u00f3 a un hombre que circulaba en una moto que seg\u00fan los datos arrojados sobre el individuo como as\u00ed tambi\u00e9n del rodado por la Coordinaci\u00f3n de Polic\u00eda San Nicol\u00e1s (Radio Estaci\u00f3n), se pudo determinar que el [&hellip;]<\/p>\n","protected":false},"author":4,"featured_media":3467,"comment_status":"open","ping_status":"closed","sticky":false,"template":"","format":"standard","meta":{"om_disable_all_campaigns":false,"_jetpack_memberships_contains_paid_content":false,"footnotes":""},"categories":[2,103],"tags":[],"class_list":["post-4510","post","type-post","status-publish","format-standard","has-post-thumbnail","hentry","category-locales","category-policiales-locales"],"aioseo_notices":[],"gutentor_comment":0,"jetpack_featured_media_url":"https:\/\/eldiariodesanpedro.com.ar\/sitio\/wp-content\/uploads\/2016\/04\/patrulla-rural-e1454594817773.jpg","jetpack_shortlink":"https:\/\/wp.me\/p6RhLt-1aK","jetpack_sharing_enabled":true,"_links":{"self":[{"href":"https:\/\/eldiariodesanpedro.com.ar\/sitio\/wp-json\/wp\/v2\/posts\/4510","targetHints":{"allow":["GET"]}}],"collection":[{"href":"https:\/\/eldiariodesanpedro.com.ar\/sitio\/wp-json\/wp\/v2\/posts"}],"about":[{"href":"https:\/\/eldiariodesanpedro.com.ar\/sitio\/wp-json\/wp\/v2\/types\/post"}],"author":[{"embeddable":true,"href":"https:\/\/eldiariodesanpedro.com.ar\/sitio\/wp-json\/wp\/v2\/users\/4"}],"replies":[{"embeddable":true,"href":"https:\/\/eldiariodesanpedro.com.ar\/sitio\/wp-json\/wp\/v2\/comments?post=4510"}],"version-history":[{"count":1,"href":"https:\/\/eldiariodesanpedro.com.ar\/sitio\/wp-json\/wp\/v2\/posts\/4510\/revisions"}],"predecessor-version":[{"id":4511,"href":"https:\/\/eldiariodesanpedro.com.ar\/sitio\/wp-json\/wp\/v2\/posts\/4510\/revisions\/4511"}],"wp:featuredmedia":[{"embeddable":true,"href":"https:\/\/eldiariodesanpedro.com.ar\/sitio\/wp-json\/wp\/v2\/media\/3467"}],"wp:attachment":[{"href":"https:\/\/eldiariodesanpedro.com.ar\/sitio\/wp-json\/wp\/v2\/media?parent=4510"}],"wp:term":[{"taxonomy":"category","embeddable":true,"href":"https:\/\/eldiariodesanpedro.com.ar\/sitio\/wp-json\/wp\/v2\/categories?post=4510"},{"taxonomy":"post_tag","embeddable":true,"href":"https:\/\/eldiariodesanpedro.com.ar\/sitio\/wp-json\/wp\/v2\/tags?post=4510"}],"curies":[{"name":"wp","href":"https:\/\/api.w.org\/{rel}","templated":true}]}}