{"id":4507,"date":"2016-05-18T18:43:40","date_gmt":"2016-05-18T21:43:40","guid":{"rendered":"https:\/\/eldiariodesanpedro.com.ar\/sitio\/?p=4507"},"modified":"2016-05-18T18:43:40","modified_gmt":"2016-05-18T21:43:40","slug":"trabajadoras-de-la-clinica-san-martin-piden-seguridad","status":"publish","type":"post","link":"https:\/\/eldiariodesanpedro.com.ar\/sitio\/trabajadoras-de-la-clinica-san-martin-piden-seguridad\/","title":{"rendered":"Trabajadoras de la Cl\u00ednica San Mart\u00edn piden seguridad"},"content":{"rendered":"<p><!-- VideographyWP Plugin Message: Automatic video embedding prevented by plugin options. --><br \/>\nUn par de hechos ocurridos en los \u00faltimos d\u00edas motivaron el miedo de las mujeres que se encuentran en el edificio pasando la noche, \u201ccustodiando\u201d el lugar para evitar el saqueo de los elementos que est\u00e1n en el edificio. En general son solo dos personas que las que pasan la noche y en su mayor\u00eda mujeres y es por ello que han \u00e8dido a las autoridades municipales la posibilidad que colaboren con la seguridad de la zona.<br \/>\nUna de las situaciones se produjo el martes a las 6 AM, un intento de robo por parte de un grupo de j\u00f3vene a una cuadras de la cl\u00ednica. Una seis personas estar\u00edan involucradas en la situaci\u00f3n. En principio la mujer ven\u00eda transitando en su moto y los delincuentes intentaron interceptarla, la siguieron media cuadra para sustraerle la cartera, sin embargo tras pegarle una patada a uno de ello logr\u00f3 escapar. Aunque lleg\u00f3 a la cl\u00ednica con un estado de shock por miedo a que fuera seguida.<br \/>\nEn tanto que adem\u00e1s, d\u00edas pasado se present\u00f3 una pareja joven a solicitar que de alguna manera se le asilo a una mujer que estaba en la terminal y que ten\u00eda que espara toda la noche el micro de la ma\u00f1ana. El temor en es esta caso es que la situaci\u00f3n obedeciera a un enga\u00f1o puesto que la demanda se torn\u00f3 violenta, y hasta golpearon el port\u00f3n de chapa de acceso al estacionamiento. <\/p>\n","protected":false},"excerpt":{"rendered":"<p>Un par de hechos ocurridos en los \u00faltimos d\u00edas motivaron el miedo de las mujeres que se encuentran en el edificio pasando la noche, \u201ccustodiando\u201d el lugar para evitar el saqueo de los elementos que est\u00e1n en el edificio. En general son solo dos personas que las que pasan la noche y en su mayor\u00eda [&hellip;]<\/p>\n","protected":false},"author":4,"featured_media":4508,"comment_status":"open","ping_status":"closed","sticky":false,"template":"","format":"standard","meta":{"om_disable_all_campaigns":false,"_jetpack_memberships_contains_paid_content":false,"footnotes":""},"categories":[50,101,2],"tags":[],"class_list":["post-4507","post","type-post","status-publish","format-standard","has-post-thumbnail","hentry","category-destacadas","category-interes-general-locales","category-locales"],"aioseo_notices":[],"gutentor_comment":0,"jetpack_featured_media_url":"https:\/\/eldiariodesanpedro.com.ar\/sitio\/wp-content\/uploads\/2016\/05\/PAGINA-5-5.jpg","jetpack_shortlink":"https:\/\/wp.me\/p6RhLt-1aH","jetpack_sharing_enabled":true,"_links":{"self":[{"href":"https:\/\/eldiariodesanpedro.com.ar\/sitio\/wp-json\/wp\/v2\/posts\/4507","targetHints":{"allow":["GET"]}}],"collection":[{"href":"https:\/\/eldiariodesanpedro.com.ar\/sitio\/wp-json\/wp\/v2\/posts"}],"about":[{"href":"https:\/\/eldiariodesanpedro.com.ar\/sitio\/wp-json\/wp\/v2\/types\/post"}],"author":[{"embeddable":true,"href":"https:\/\/eldiariodesanpedro.com.ar\/sitio\/wp-json\/wp\/v2\/users\/4"}],"replies":[{"embeddable":true,"href":"https:\/\/eldiariodesanpedro.com.ar\/sitio\/wp-json\/wp\/v2\/comments?post=4507"}],"version-history":[{"count":1,"href":"https:\/\/eldiariodesanpedro.com.ar\/sitio\/wp-json\/wp\/v2\/posts\/4507\/revisions"}],"predecessor-version":[{"id":4509,"href":"https:\/\/eldiariodesanpedro.com.ar\/sitio\/wp-json\/wp\/v2\/posts\/4507\/revisions\/4509"}],"wp:featuredmedia":[{"embeddable":true,"href":"https:\/\/eldiariodesanpedro.com.ar\/sitio\/wp-json\/wp\/v2\/media\/4508"}],"wp:attachment":[{"href":"https:\/\/eldiariodesanpedro.com.ar\/sitio\/wp-json\/wp\/v2\/media?parent=4507"}],"wp:term":[{"taxonomy":"category","embeddable":true,"href":"https:\/\/eldiariodesanpedro.com.ar\/sitio\/wp-json\/wp\/v2\/categories?post=4507"},{"taxonomy":"post_tag","embeddable":true,"href":"https:\/\/eldiariodesanpedro.com.ar\/sitio\/wp-json\/wp\/v2\/tags?post=4507"}],"curies":[{"name":"wp","href":"https:\/\/api.w.org\/{rel}","templated":true}]}}