{"id":4502,"date":"2016-05-18T18:40:21","date_gmt":"2016-05-18T21:40:21","guid":{"rendered":"https:\/\/eldiariodesanpedro.com.ar\/sitio\/?p=4502"},"modified":"2016-05-18T18:40:21","modified_gmt":"2016-05-18T21:40:21","slug":"arreglo-de-caminos-rurales","status":"publish","type":"post","link":"https:\/\/eldiariodesanpedro.com.ar\/sitio\/arreglo-de-caminos-rurales\/","title":{"rendered":"Arreglo de caminos rurales"},"content":{"rendered":"<p><!-- VideographyWP Plugin Message: Automatic video embedding prevented by plugin options. --><br \/>\nLa Secretar\u00eda de Obras P\u00fablicas realiz\u00f3 en la jornada del martes, arreglos en el Callej\u00f3n de Peral. Se trabaj\u00f3 con una motoniveladora, una cuadrilla y una retroexcavadora se rastre\u00f3, levant\u00f3 y se cambiaron tubos de alcantarillas.<br \/>\nEn tanto que la cartera municipal dio a conocer, tal cual lo hace diariamiente los trabajos que realiza en distitntos puntos de la ciudad:<br \/>\nPersonal del Corral\u00f3n Municipal realiz\u00f3:<br \/>\nCon una motoniveladora se rastrean calles en el Barrio 291 Viviendas.<br \/>\nCon una motoniveladora se rastrea calle Manuel Iglesias.<br \/>\nCon un tractor con cespera se corta en Camino Crucero General Belgrano.<br \/>\nCon una cuadrilla se corta pasto en la Plaza de la Terminal y en Av. Sarmiento.<br \/>\nCon una retroexcavadora se trabaja junto a Servicios Sanitarios en el Bajo Cementerio.<br \/>\nCon una retroexcavadora, una cuadrilla y un cami\u00f3n se contin\u00faa trabajando en el Barrio Banfield (Adjunto fotos).<br \/>\nCon una cuadrilla se entosca calle Caseros.<br \/>\nCon una cuadrilla se limpia y corta en rotonda de Crucero General Belgrano.<br \/>\nCon un cami\u00f3n se traslada tosca a Gobernador Castro para arreglar las banquinas (Adjunto fotos).<br \/>\nEn cuanto a la Red Cloacal se trabaja en calle Fray del Pozo al 2300, F. Quiroga y J. Rivero, Col\u00f3n al 1900, Saavedra al 1500, Ansaloni y Liniers, Ansaloni al 300, Gomendio y Las Heras.<br \/>\nPor \u00faltimo, con respecto a la Red de Agua se arregla ca\u00f1o madre en el Bajo Cementerio, en calle F. Quiroga al 1100, D\u00e1vila y M. Sbert.<\/p>\n","protected":false},"excerpt":{"rendered":"<p>La Secretar\u00eda de Obras P\u00fablicas realiz\u00f3 en la jornada del martes, arreglos en el Callej\u00f3n de Peral. Se trabaj\u00f3 con una motoniveladora, una cuadrilla y una retroexcavadora se rastre\u00f3, levant\u00f3 y se cambiaron tubos de alcantarillas. En tanto que la cartera municipal dio a conocer, tal cual lo hace diariamiente los trabajos que realiza en [&hellip;]<\/p>\n","protected":false},"author":4,"featured_media":4503,"comment_status":"open","ping_status":"closed","sticky":false,"template":"","format":"standard","meta":{"om_disable_all_campaigns":false,"_jetpack_memberships_contains_paid_content":false,"footnotes":""},"categories":[50,101,2],"tags":[],"class_list":["post-4502","post","type-post","status-publish","format-standard","has-post-thumbnail","hentry","category-destacadas","category-interes-general-locales","category-locales"],"aioseo_notices":[],"gutentor_comment":0,"jetpack_featured_media_url":"https:\/\/eldiariodesanpedro.com.ar\/sitio\/wp-content\/uploads\/2016\/05\/PAGINA-4-9.jpg","jetpack_shortlink":"https:\/\/wp.me\/p6RhLt-1aC","jetpack_sharing_enabled":true,"_links":{"self":[{"href":"https:\/\/eldiariodesanpedro.com.ar\/sitio\/wp-json\/wp\/v2\/posts\/4502","targetHints":{"allow":["GET"]}}],"collection":[{"href":"https:\/\/eldiariodesanpedro.com.ar\/sitio\/wp-json\/wp\/v2\/posts"}],"about":[{"href":"https:\/\/eldiariodesanpedro.com.ar\/sitio\/wp-json\/wp\/v2\/types\/post"}],"author":[{"embeddable":true,"href":"https:\/\/eldiariodesanpedro.com.ar\/sitio\/wp-json\/wp\/v2\/users\/4"}],"replies":[{"embeddable":true,"href":"https:\/\/eldiariodesanpedro.com.ar\/sitio\/wp-json\/wp\/v2\/comments?post=4502"}],"version-history":[{"count":1,"href":"https:\/\/eldiariodesanpedro.com.ar\/sitio\/wp-json\/wp\/v2\/posts\/4502\/revisions"}],"predecessor-version":[{"id":4504,"href":"https:\/\/eldiariodesanpedro.com.ar\/sitio\/wp-json\/wp\/v2\/posts\/4502\/revisions\/4504"}],"wp:featuredmedia":[{"embeddable":true,"href":"https:\/\/eldiariodesanpedro.com.ar\/sitio\/wp-json\/wp\/v2\/media\/4503"}],"wp:attachment":[{"href":"https:\/\/eldiariodesanpedro.com.ar\/sitio\/wp-json\/wp\/v2\/media?parent=4502"}],"wp:term":[{"taxonomy":"category","embeddable":true,"href":"https:\/\/eldiariodesanpedro.com.ar\/sitio\/wp-json\/wp\/v2\/categories?post=4502"},{"taxonomy":"post_tag","embeddable":true,"href":"https:\/\/eldiariodesanpedro.com.ar\/sitio\/wp-json\/wp\/v2\/tags?post=4502"}],"curies":[{"name":"wp","href":"https:\/\/api.w.org\/{rel}","templated":true}]}}