{"id":4497,"date":"2016-05-18T18:36:58","date_gmt":"2016-05-18T21:36:58","guid":{"rendered":"https:\/\/eldiariodesanpedro.com.ar\/sitio\/?p=4497"},"modified":"2016-05-18T18:36:58","modified_gmt":"2016-05-18T21:36:58","slug":"envion-en-gobernador-castro","status":"publish","type":"post","link":"https:\/\/eldiariodesanpedro.com.ar\/sitio\/envion-en-gobernador-castro\/","title":{"rendered":"Envi\u00f3n en Gobernador Castro"},"content":{"rendered":"<p><!-- VideographyWP Plugin Message: Automatic video embedding prevented by plugin options. --><br \/>\nEn la ma\u00f1ana del martes, la Secretaria de Desarrollo Humano, Lic. Karina Chiarella, la titular del \u00c1rea de Redes Comunitarias, Silvina Chediak y el Delegado Municipal, Dante P\u00e9rez, recorrieron las instalaciones de Agricultores Club, donde desde el mes pr\u00f3ximo, comenzar\u00e1 a funcionar el Programa Envi\u00f3n en la localidad de Gobernador Castro.<br \/>\nFueron recibidos por el Presidente de la instituci\u00f3n, Gerardo De Vincenzi, ya que all\u00ed ser\u00e1 la sede del mismo.<br \/>\nPreviamente, en la Delegaci\u00f3n mantuvieron un encuentro con quienes ser\u00e1n las encargadas del Envi\u00f3n en Gob. Castro, las Sras. Daiana Dentone y Fabiana Mindurry.<\/p>\n","protected":false},"excerpt":{"rendered":"<p>En la ma\u00f1ana del martes, la Secretaria de Desarrollo Humano, Lic. Karina Chiarella, la titular del \u00c1rea de Redes Comunitarias, Silvina Chediak y el Delegado Municipal, Dante P\u00e9rez, recorrieron las instalaciones de Agricultores Club, donde desde el mes pr\u00f3ximo, comenzar\u00e1 a funcionar el Programa Envi\u00f3n en la localidad de Gobernador Castro. Fueron recibidos por el [&hellip;]<\/p>\n","protected":false},"author":4,"featured_media":4492,"comment_status":"open","ping_status":"closed","sticky":false,"template":"","format":"standard","meta":{"om_disable_all_campaigns":false,"_jetpack_memberships_contains_paid_content":false,"footnotes":""},"categories":[101,2],"tags":[],"class_list":["post-4497","post","type-post","status-publish","format-standard","has-post-thumbnail","hentry","category-interes-general-locales","category-locales"],"aioseo_notices":[],"gutentor_comment":0,"jetpack_featured_media_url":"https:\/\/eldiariodesanpedro.com.ar\/sitio\/wp-content\/uploads\/2016\/05\/PAGINA-6-20.jpg","jetpack_shortlink":"https:\/\/wp.me\/p6RhLt-1ax","jetpack_sharing_enabled":true,"_links":{"self":[{"href":"https:\/\/eldiariodesanpedro.com.ar\/sitio\/wp-json\/wp\/v2\/posts\/4497","targetHints":{"allow":["GET"]}}],"collection":[{"href":"https:\/\/eldiariodesanpedro.com.ar\/sitio\/wp-json\/wp\/v2\/posts"}],"about":[{"href":"https:\/\/eldiariodesanpedro.com.ar\/sitio\/wp-json\/wp\/v2\/types\/post"}],"author":[{"embeddable":true,"href":"https:\/\/eldiariodesanpedro.com.ar\/sitio\/wp-json\/wp\/v2\/users\/4"}],"replies":[{"embeddable":true,"href":"https:\/\/eldiariodesanpedro.com.ar\/sitio\/wp-json\/wp\/v2\/comments?post=4497"}],"version-history":[{"count":1,"href":"https:\/\/eldiariodesanpedro.com.ar\/sitio\/wp-json\/wp\/v2\/posts\/4497\/revisions"}],"predecessor-version":[{"id":4498,"href":"https:\/\/eldiariodesanpedro.com.ar\/sitio\/wp-json\/wp\/v2\/posts\/4497\/revisions\/4498"}],"wp:featuredmedia":[{"embeddable":true,"href":"https:\/\/eldiariodesanpedro.com.ar\/sitio\/wp-json\/wp\/v2\/media\/4492"}],"wp:attachment":[{"href":"https:\/\/eldiariodesanpedro.com.ar\/sitio\/wp-json\/wp\/v2\/media?parent=4497"}],"wp:term":[{"taxonomy":"category","embeddable":true,"href":"https:\/\/eldiariodesanpedro.com.ar\/sitio\/wp-json\/wp\/v2\/categories?post=4497"},{"taxonomy":"post_tag","embeddable":true,"href":"https:\/\/eldiariodesanpedro.com.ar\/sitio\/wp-json\/wp\/v2\/tags?post=4497"}],"curies":[{"name":"wp","href":"https:\/\/api.w.org\/{rel}","templated":true}]}}