{"id":4494,"date":"2016-05-18T18:35:55","date_gmt":"2016-05-18T21:35:55","guid":{"rendered":"https:\/\/eldiariodesanpedro.com.ar\/sitio\/?p=4494"},"modified":"2016-05-18T18:35:55","modified_gmt":"2016-05-18T21:35:55","slug":"encuentro-entre-chiarella-y-la-inspectora-del-area-de-psicologia-comunitaria-y-pedagogia-social","status":"publish","type":"post","link":"https:\/\/eldiariodesanpedro.com.ar\/sitio\/encuentro-entre-chiarella-y-la-inspectora-del-area-de-psicologia-comunitaria-y-pedagogia-social\/","title":{"rendered":"Encuentro entre Chiarella y la Inspectora del \u00c1rea de Psicolog\u00eda Comunitaria y Pedagog\u00eda Social"},"content":{"rendered":"<p><!-- VideographyWP Plugin Message: Automatic video embedding prevented by plugin options. --><br \/>\nLa Secretaria de Desarrollo Humano se reuni\u00f3 con la Inspectora de Educaci\u00f3n del \u00c1rea de Psicolog\u00eda Comunitaria y Pedagog\u00eda Social, Lic. Claudia Garavaglia, con el objetivo de dise\u00f1ar estrategias en conjunto que permitan el mejoramiento de la articulaci\u00f3n entre los equipos pertenecientes a la Secretar\u00eda y aquellos que trabajan a diario en las Instituciones Escolares.<br \/>\nDurante el encuentro, se acordaron modalidades de presentaci\u00f3n de casos por partes de los Equipos de Orientaci\u00f3n Escolar de las Escuelas del Partido, como as\u00ed tambi\u00e9n del los equipos dependientes del \u00c1rea como son el Equipo Distrital de Inclusi\u00f3n y el Centro de Orientaci\u00f3n Familiar, la modalidades de seguimiento de casos y las estrategias de abordaje en el marco de la corresponsabilidad de la Ley. 13.298.<br \/>\nPor \u00faltimo, se acord\u00f3 mantener reuniones permanentes con el objetivo de optimizar la articulaci\u00f3n entre los equipos de ambos espacios.<\/p>\n","protected":false},"excerpt":{"rendered":"<p>La Secretaria de Desarrollo Humano se reuni\u00f3 con la Inspectora de Educaci\u00f3n del \u00c1rea de Psicolog\u00eda Comunitaria y Pedagog\u00eda Social, Lic. Claudia Garavaglia, con el objetivo de dise\u00f1ar estrategias en conjunto que permitan el mejoramiento de la articulaci\u00f3n entre los equipos pertenecientes a la Secretar\u00eda y aquellos que trabajan a diario en las Instituciones Escolares. [&hellip;]<\/p>\n","protected":false},"author":4,"featured_media":4495,"comment_status":"open","ping_status":"closed","sticky":false,"template":"","format":"standard","meta":{"om_disable_all_campaigns":false,"_jetpack_memberships_contains_paid_content":false,"footnotes":""},"categories":[101,2],"tags":[],"class_list":["post-4494","post","type-post","status-publish","format-standard","has-post-thumbnail","hentry","category-interes-general-locales","category-locales"],"aioseo_notices":[],"gutentor_comment":0,"jetpack_featured_media_url":"https:\/\/eldiariodesanpedro.com.ar\/sitio\/wp-content\/uploads\/2016\/05\/Municipalidad.jpg","jetpack_shortlink":"https:\/\/wp.me\/p6RhLt-1au","jetpack_sharing_enabled":true,"_links":{"self":[{"href":"https:\/\/eldiariodesanpedro.com.ar\/sitio\/wp-json\/wp\/v2\/posts\/4494","targetHints":{"allow":["GET"]}}],"collection":[{"href":"https:\/\/eldiariodesanpedro.com.ar\/sitio\/wp-json\/wp\/v2\/posts"}],"about":[{"href":"https:\/\/eldiariodesanpedro.com.ar\/sitio\/wp-json\/wp\/v2\/types\/post"}],"author":[{"embeddable":true,"href":"https:\/\/eldiariodesanpedro.com.ar\/sitio\/wp-json\/wp\/v2\/users\/4"}],"replies":[{"embeddable":true,"href":"https:\/\/eldiariodesanpedro.com.ar\/sitio\/wp-json\/wp\/v2\/comments?post=4494"}],"version-history":[{"count":1,"href":"https:\/\/eldiariodesanpedro.com.ar\/sitio\/wp-json\/wp\/v2\/posts\/4494\/revisions"}],"predecessor-version":[{"id":4496,"href":"https:\/\/eldiariodesanpedro.com.ar\/sitio\/wp-json\/wp\/v2\/posts\/4494\/revisions\/4496"}],"wp:featuredmedia":[{"embeddable":true,"href":"https:\/\/eldiariodesanpedro.com.ar\/sitio\/wp-json\/wp\/v2\/media\/4495"}],"wp:attachment":[{"href":"https:\/\/eldiariodesanpedro.com.ar\/sitio\/wp-json\/wp\/v2\/media?parent=4494"}],"wp:term":[{"taxonomy":"category","embeddable":true,"href":"https:\/\/eldiariodesanpedro.com.ar\/sitio\/wp-json\/wp\/v2\/categories?post=4494"},{"taxonomy":"post_tag","embeddable":true,"href":"https:\/\/eldiariodesanpedro.com.ar\/sitio\/wp-json\/wp\/v2\/tags?post=4494"}],"curies":[{"name":"wp","href":"https:\/\/api.w.org\/{rel}","templated":true}]}}