{"id":4491,"date":"2016-05-18T18:26:52","date_gmt":"2016-05-18T21:26:52","guid":{"rendered":"https:\/\/eldiariodesanpedro.com.ar\/sitio\/?p=4491"},"modified":"2016-05-18T18:38:17","modified_gmt":"2016-05-18T21:38:17","slug":"desarrollo-humano-en-el-barrio-el-progreso-de-gobernador-castro","status":"publish","type":"post","link":"https:\/\/eldiariodesanpedro.com.ar\/sitio\/desarrollo-humano-en-el-barrio-el-progreso-de-gobernador-castro\/","title":{"rendered":"Desarrollo Humano en el Barrio El Progreso de Gobernador Castro"},"content":{"rendered":"<p><!-- VideographyWP Plugin Message: Automatic video embedding prevented by plugin options. --><br \/>\nLa titular del \u00e1rea, Lic. Karina Chiarella, junto a la Nutricionista Macarena Ansaloni y el Delegado Municipal, Dante P\u00e9rez, estuvieron en la jornada del martes, en el comedor del Barrio El Progreso de Gobernador Castro y se reunieron con las encargadas del lugar, Lorena y \u00c1ngela Loza.<br \/>\nEl objetivo de su visita fue entregar Kits escolares y guardapolvos para los ni\u00f1os que asisten al mismo.<br \/>\nA dem\u00e1s, se prioriz\u00f3 en ver las necesidades de estos chicos, para dar respuesta desde la Secretar\u00eda de Desarrollo Humano. Para ello, se realizar\u00e1 un trabajo coordinado con las Trabajadoras Sociales, en el cual llevar\u00e1n a cabo un relevamiento a todas las familias del barrio.<\/p>\n","protected":false},"excerpt":{"rendered":"<p>La titular del \u00e1rea, Lic. Karina Chiarella, junto a la Nutricionista Macarena Ansaloni y el Delegado Municipal, Dante P\u00e9rez, estuvieron en la jornada del martes, en el comedor del Barrio El Progreso de Gobernador Castro y se reunieron con las encargadas del lugar, Lorena y \u00c1ngela Loza. El objetivo de su visita fue entregar Kits [&hellip;]<\/p>\n","protected":false},"author":4,"featured_media":4499,"comment_status":"open","ping_status":"closed","sticky":false,"template":"","format":"standard","meta":{"om_disable_all_campaigns":false,"_jetpack_memberships_contains_paid_content":false,"footnotes":""},"categories":[101,2],"tags":[],"class_list":["post-4491","post","type-post","status-publish","format-standard","has-post-thumbnail","hentry","category-interes-general-locales","category-locales"],"aioseo_notices":[],"gutentor_comment":0,"jetpack_featured_media_url":"https:\/\/eldiariodesanpedro.com.ar\/sitio\/wp-content\/uploads\/2016\/05\/PAGINA-6-01-3.jpg","jetpack_shortlink":"https:\/\/wp.me\/p6RhLt-1ar","jetpack_sharing_enabled":true,"_links":{"self":[{"href":"https:\/\/eldiariodesanpedro.com.ar\/sitio\/wp-json\/wp\/v2\/posts\/4491","targetHints":{"allow":["GET"]}}],"collection":[{"href":"https:\/\/eldiariodesanpedro.com.ar\/sitio\/wp-json\/wp\/v2\/posts"}],"about":[{"href":"https:\/\/eldiariodesanpedro.com.ar\/sitio\/wp-json\/wp\/v2\/types\/post"}],"author":[{"embeddable":true,"href":"https:\/\/eldiariodesanpedro.com.ar\/sitio\/wp-json\/wp\/v2\/users\/4"}],"replies":[{"embeddable":true,"href":"https:\/\/eldiariodesanpedro.com.ar\/sitio\/wp-json\/wp\/v2\/comments?post=4491"}],"version-history":[{"count":1,"href":"https:\/\/eldiariodesanpedro.com.ar\/sitio\/wp-json\/wp\/v2\/posts\/4491\/revisions"}],"predecessor-version":[{"id":4493,"href":"https:\/\/eldiariodesanpedro.com.ar\/sitio\/wp-json\/wp\/v2\/posts\/4491\/revisions\/4493"}],"wp:featuredmedia":[{"embeddable":true,"href":"https:\/\/eldiariodesanpedro.com.ar\/sitio\/wp-json\/wp\/v2\/media\/4499"}],"wp:attachment":[{"href":"https:\/\/eldiariodesanpedro.com.ar\/sitio\/wp-json\/wp\/v2\/media?parent=4491"}],"wp:term":[{"taxonomy":"category","embeddable":true,"href":"https:\/\/eldiariodesanpedro.com.ar\/sitio\/wp-json\/wp\/v2\/categories?post=4491"},{"taxonomy":"post_tag","embeddable":true,"href":"https:\/\/eldiariodesanpedro.com.ar\/sitio\/wp-json\/wp\/v2\/tags?post=4491"}],"curies":[{"name":"wp","href":"https:\/\/api.w.org\/{rel}","templated":true}]}}