{"id":44842,"date":"2018-12-07T09:58:27","date_gmt":"2018-12-07T12:58:27","guid":{"rendered":"https:\/\/eldiariodesanpedro.com.ar\/sitio\/?p=44842"},"modified":"2018-12-07T09:58:27","modified_gmt":"2018-12-07T12:58:27","slug":"se-encontraban-en-el-interior-de-un-falcon-para-robarlo-y-fueron-aprehendidos-por-la-policia","status":"publish","type":"post","link":"https:\/\/eldiariodesanpedro.com.ar\/sitio\/se-encontraban-en-el-interior-de-un-falcon-para-robarlo-y-fueron-aprehendidos-por-la-policia\/","title":{"rendered":"Se encontraban en el interior de un Falc\u00f3n para robarlo y fueron aprehendidos por la polic\u00eda"},"content":{"rendered":"<p><!-- VideographyWP Plugin Message: Automatic video embedding prevented by plugin options. --><br \/>\nEl hecho se produjo por la noche del jueves, alrededor de las 22.30 hs, cuando la Polic\u00eda aprehendi\u00f3 en el interior de un Ford Falcon rojo a dos delincuentes con frondosos antecedentes.<\/p>\n<p>La idea de los malhechores era llevarse el autom\u00f3vil de la puerta de la casa de su propietario que se encontraba dentro de su vivienda sita en calle Benefectora Sampedrina  al 500.<\/p>\n<p>Los dos malvivientes de 18 y 31 a\u00f1os con antecedentes delictivos quedaron  alojados en la comisar\u00eda a disposici\u00f3n de la fiscal\u00eda de turno.<\/p>\n","protected":false},"excerpt":{"rendered":"<p>El hecho se produjo por la noche del jueves, alrededor de las 22.30 hs, cuando la Polic\u00eda aprehendi\u00f3 en el interior de un Ford Falcon rojo a dos delincuentes con frondosos antecedentes. La idea de los malhechores era llevarse el autom\u00f3vil de la puerta de la casa de su propietario que se encontraba dentro de [&hellip;]<\/p>\n","protected":false},"author":4,"featured_media":30195,"comment_status":"open","ping_status":"closed","sticky":false,"template":"","format":"standard","meta":{"om_disable_all_campaigns":false,"_jetpack_memberships_contains_paid_content":false,"footnotes":""},"categories":[2,103],"tags":[],"class_list":["post-44842","post","type-post","status-publish","format-standard","has-post-thumbnail","hentry","category-locales","category-policiales-locales"],"aioseo_notices":[],"gutentor_comment":0,"jetpack_featured_media_url":"https:\/\/eldiariodesanpedro.com.ar\/sitio\/wp-content\/uploads\/2018\/03\/Aprehendido-y-ofuscado.jpg","jetpack_shortlink":"https:\/\/wp.me\/p6RhLt-bFg","jetpack_sharing_enabled":true,"_links":{"self":[{"href":"https:\/\/eldiariodesanpedro.com.ar\/sitio\/wp-json\/wp\/v2\/posts\/44842","targetHints":{"allow":["GET"]}}],"collection":[{"href":"https:\/\/eldiariodesanpedro.com.ar\/sitio\/wp-json\/wp\/v2\/posts"}],"about":[{"href":"https:\/\/eldiariodesanpedro.com.ar\/sitio\/wp-json\/wp\/v2\/types\/post"}],"author":[{"embeddable":true,"href":"https:\/\/eldiariodesanpedro.com.ar\/sitio\/wp-json\/wp\/v2\/users\/4"}],"replies":[{"embeddable":true,"href":"https:\/\/eldiariodesanpedro.com.ar\/sitio\/wp-json\/wp\/v2\/comments?post=44842"}],"version-history":[{"count":1,"href":"https:\/\/eldiariodesanpedro.com.ar\/sitio\/wp-json\/wp\/v2\/posts\/44842\/revisions"}],"predecessor-version":[{"id":44843,"href":"https:\/\/eldiariodesanpedro.com.ar\/sitio\/wp-json\/wp\/v2\/posts\/44842\/revisions\/44843"}],"wp:featuredmedia":[{"embeddable":true,"href":"https:\/\/eldiariodesanpedro.com.ar\/sitio\/wp-json\/wp\/v2\/media\/30195"}],"wp:attachment":[{"href":"https:\/\/eldiariodesanpedro.com.ar\/sitio\/wp-json\/wp\/v2\/media?parent=44842"}],"wp:term":[{"taxonomy":"category","embeddable":true,"href":"https:\/\/eldiariodesanpedro.com.ar\/sitio\/wp-json\/wp\/v2\/categories?post=44842"},{"taxonomy":"post_tag","embeddable":true,"href":"https:\/\/eldiariodesanpedro.com.ar\/sitio\/wp-json\/wp\/v2\/tags?post=44842"}],"curies":[{"name":"wp","href":"https:\/\/api.w.org\/{rel}","templated":true}]}}